{"id":29136,"date":"2018-07-26T10:55:08","date_gmt":"2018-07-26T08:55:08","guid":{"rendered":"http:\/\/polishscience.pl\/?p=29136"},"modified":"2018-07-26T10:40:41","modified_gmt":"2018-07-26T08:40:41","slug":"piotr-dardzinski-als-staatssekretaer-im-bildungsministerium","status":"publish","type":"post","link":"https:\/\/www.polishscience.pl\/de\/piotr-dardzinski-als-staatssekretaer-im-bildungsministerium\/","title":{"rendered":"Piotr Dardzi\u0144ski als Staatssekret\u00e4r im Bildungsministerium"},"content":{"rendered":"<p><b>Dr. Piotr Dardzi\u0144ski wurde zum Staatssekret\u00e4r im Ministerium f\u00fcr Wissenschaft und Hochschulbildung ernannt. Bisher war er Unterstaatssekret\u00e4r und verantwortete in dem Ministerium f\u00fcr die Innovationen und internationale Zusammenarbeit.<\/b><\/p>\n<p>Wie das Ministerium informiert, ist Piotr Dardzi\u0144ski seit November 2015 auch Vizepremier f\u00fcr Wissenschaft. Er ist verantwortlich f\u00fcr die EU-Programme, die mit Forschung und Innovationen verbunden sind, f\u00fcr die Computerisierung der Wissenschaft und Hochschulbildung und die internationale Zusammenarbeit. Unter Beaufsichtigung des Vizeministers stehen: Nationales Zentrum f\u00fcr Forschung und Entwicklung, Nationale Akademische Austauschagentur, Zentrum f\u00fcr Informationsverarbeitung \u2013 Polnisches Forschungsinstitut und Polnisches Zentrum f\u00fcr Technologieentwicklung PORT.<\/p>\n<p>In den Jahren 1997-2002 promovierte Dr. Dardzinski an der Jagiellonen-Universit\u00e4t im Institut f\u00fcr Politikwissenschaften und Internationale Beziehungen. Er war auch Stipendiat der Universit\u00e4t Freiburg in der Schweiz.<\/p>\n","protected":false},"excerpt":{"rendered":"<p>Dr. Piotr Dardzi\u0144ski wurde zum Staatssekret\u00e4r im Ministerium f\u00fcr Wissenschaft und Hochschulbildung ernannt. Bisher war er Unterstaatssekret\u00e4r und verantwortete in dem Ministerium f\u00fcr die Innovationen und internationale Zusammenarbeit. Wie das Ministerium informiert, ist Piotr Dardzi\u0144ski seit November 2015 auch Vizepremier f\u00fcr Wissenschaft. Er ist verantwortlich f\u00fcr die EU-Programme, die mit Forschung und Innovationen verbunden sind, [&hellip;]<\/p>\n","protected":false},"author":6,"featured_media":0,"comment_status":"closed","ping_status":"closed","sticky":false,"template":"","format":"standard","meta":[],"categories":[65],"tags":[],"_links":{"self":[{"href":"https:\/\/www.polishscience.pl\/de\/wp-json\/wp\/v2\/posts\/29136"}],"collection":[{"href":"https:\/\/www.polishscience.pl\/de\/wp-json\/wp\/v2\/posts"}],"about":[{"href":"https:\/\/www.polishscience.pl\/de\/wp-json\/wp\/v2\/types\/post"}],"author":[{"embeddable":true,"href":"https:\/\/www.polishscience.pl\/de\/wp-json\/wp\/v2\/users\/6"}],"replies":[{"embeddable":true,"href":"https:\/\/www.polishscience.pl\/de\/wp-json\/wp\/v2\/comments?post=29136"}],"version-history":[{"count":0,"href":"https:\/\/www.polishscience.pl\/de\/wp-json\/wp\/v2\/posts\/29136\/revisions"}],"wp:attachment":[{"href":"https:\/\/www.polishscience.pl\/de\/wp-json\/wp\/v2\/media?parent=29136"}],"wp:term":[{"taxonomy":"category","embeddable":true,"href":"https:\/\/www.polishscience.pl\/de\/wp-json\/wp\/v2\/categories?post=29136"},{"taxonomy":"post_tag","embeddable":true,"href":"https:\/\/www.polishscience.pl\/de\/wp-json\/wp\/v2\/tags?post=29136"}],"curies":[{"name":"wp","href":"https:\/\/api.w.org\/{rel}","templated":true}]}}