{"id":266724,"date":"2023-02-15T21:30:12","date_gmt":"2023-02-15T20:30:12","guid":{"rendered":"https:\/\/polishscience.pl\/?p=266724"},"modified":"2023-02-15T21:30:12","modified_gmt":"2023-02-15T20:30:12","slug":"eroeffnung-des-kopernikus-jahres-an-der-universitaet-wroclaw","status":"publish","type":"post","link":"https:\/\/www.polishscience.pl\/de\/eroeffnung-des-kopernikus-jahres-an-der-universitaet-wroclaw\/","title":{"rendered":"Er\u00f6ffnung des Kopernikus-Jahres an der Universit\u00e4t Wroc\u0142aw"},"content":{"rendered":"<p><b>In der Universit\u00e4tsbibliothek der Universit\u00e4t Wroc\u0142aw feierten mehrere hundert Grund- und Obersch\u00fcler den 550. Geburtstag von Nikolaus Kopernikus. Die Sch\u00fcler konnten die erste Ausgabe des Werks, das die Welt ver\u00e4nderte \u2014 \u201eDe revolutionibus orbium coelestium\u201d (dt. <\/b><b><i>\u00dcber die Kreisbewegungen der Weltk\u00f6rper<\/i><\/b><b>) \u2014 sowie andere Werke der Pioniere der Astronomie sehen: Ptolem\u00e4us, Tycho de Brahe, Jan Kepler, Johannes Hevelius und Galileo Galilei, berichtet die Universit\u00e4t.<\/b><\/p>\n<p><span style=\"font-weight: 400;\">Die Sch\u00fcler besuchten auch einen Vortrag von Dr. Pawe\u0142 Pre\u015b von der Fakult\u00e4t f\u00fcr Physik und Astronomie der Universit\u00e4t Wroc\u0142aw mit dem Titel \u201e550 Jahre Astronomie \u2014 von Nikolaus Kopernikus bis zum James-Webb-Weltraumteleskop\u201d.<\/span><\/p>\n<p><span style=\"font-weight: 400;\">Der Tag mit Kopernikus ist der erste in einer Reihe von Veranstaltungen, die die Universit\u00e4tsbibliothek in Zusammenarbeit mit der Fakult\u00e4t f\u00fcr Physik und Astronomie und dem Nationalen Institut Ossolineum Wroc\u0142aw vorbereitet.<\/span><\/p>\n<p><span style=\"font-weight: 400;\">\u201eIn den kommenden Monaten werden wir eine ganze Reihe von Veranstaltungen, Ausstellungen und F\u00fchrungen mit Kuratoren durch unsere Sammlungen organisieren\u201d, k\u00fcndigt Bibliotheksleiterin Gra\u017cyna Piotrowicz an.<\/span><\/p>\n<p><span style=\"font-weight: 400;\">Mehr: <\/span><a href=\"https:\/\/uwr.edu.pl\/inaugurujemy-rok-kopernika-na-uniwersytecie-wroclawskim\/\"><span style=\"font-weight: 400;\">https:\/\/uwr.edu.pl\/inaugurujemy-rok-kopernika-na-uniwersytecie-wroclawskim\/<\/span><\/a><span style=\"font-weight: 400;\">\u00a0<\/span><\/p>\n","protected":false},"excerpt":{"rendered":"<p>In der Universit\u00e4tsbibliothek der Universit\u00e4t Wroc\u0142aw feierten mehrere hundert Grund- und Obersch\u00fcler den 550. Geburtstag von Nikolaus Kopernikus. Die Sch\u00fcler konnten die erste Ausgabe des Werks, das die Welt ver\u00e4nderte \u2014 \u201eDe revolutionibus orbium coelestium\u201d (dt. \u00dcber die Kreisbewegungen der Weltk\u00f6rper) \u2014 sowie andere Werke der Pioniere der Astronomie sehen: Ptolem\u00e4us, Tycho de Brahe, Jan [&hellip;]<\/p>\n","protected":false},"author":6,"featured_media":266701,"comment_status":"closed","ping_status":"closed","sticky":false,"template":"","format":"standard","meta":[],"categories":[65],"tags":[],"_links":{"self":[{"href":"https:\/\/www.polishscience.pl\/de\/wp-json\/wp\/v2\/posts\/266724"}],"collection":[{"href":"https:\/\/www.polishscience.pl\/de\/wp-json\/wp\/v2\/posts"}],"about":[{"href":"https:\/\/www.polishscience.pl\/de\/wp-json\/wp\/v2\/types\/post"}],"author":[{"embeddable":true,"href":"https:\/\/www.polishscience.pl\/de\/wp-json\/wp\/v2\/users\/6"}],"replies":[{"embeddable":true,"href":"https:\/\/www.polishscience.pl\/de\/wp-json\/wp\/v2\/comments?post=266724"}],"version-history":[{"count":1,"href":"https:\/\/www.polishscience.pl\/de\/wp-json\/wp\/v2\/posts\/266724\/revisions"}],"predecessor-version":[{"id":266734,"href":"https:\/\/www.polishscience.pl\/de\/wp-json\/wp\/v2\/posts\/266724\/revisions\/266734"}],"wp:featuredmedia":[{"embeddable":true,"href":"https:\/\/www.polishscience.pl\/de\/wp-json\/wp\/v2\/media\/266701"}],"wp:attachment":[{"href":"https:\/\/www.polishscience.pl\/de\/wp-json\/wp\/v2\/media?parent=266724"}],"wp:term":[{"taxonomy":"category","embeddable":true,"href":"https:\/\/www.polishscience.pl\/de\/wp-json\/wp\/v2\/categories?post=266724"},{"taxonomy":"post_tag","embeddable":true,"href":"https:\/\/www.polishscience.pl\/de\/wp-json\/wp\/v2\/tags?post=266724"}],"curies":[{"name":"wp","href":"https:\/\/api.w.org\/{rel}","templated":true}]}}