{"id":265984,"date":"2023-02-10T15:53:56","date_gmt":"2023-02-10T14:53:56","guid":{"rendered":"https:\/\/polishscience.pl\/?p=265984"},"modified":"2023-02-10T15:53:56","modified_gmt":"2023-02-10T14:53:56","slug":"internationale-wissenschaftliche-konferenz-urban-post-covid-recovery-experiences-challenges-and-future-pathways","status":"publish","type":"post","link":"https:\/\/www.polishscience.pl\/de\/internationale-wissenschaftliche-konferenz-urban-post-covid-recovery-experiences-challenges-and-future-pathways\/","title":{"rendered":"Internationale wissenschaftliche Konferenz \u201eUrban Post-COVID Recovery \u2014 Experiences, Challenges and Future Pathways\u201d"},"content":{"rendered":"<p><b>Das Institut f\u00fcr Politikwissenschaft der Universit\u00e4t Wroc\u0142aw l\u00e4dt am 26. und 27. April zur internationalen wissenschaftlichen Konferenz \u201eUrban Post-COVID Recovery \u2014 Experiences, Challenges and Future Pathways\u201d ein. Die Veranstaltung steht unter der Schirmherrschaft der Sektion f\u00fcr Verwaltung und Politik der Polnischen Gesellschaft f\u00fcr Politikwissenschaften, berichtet die Universit\u00e4t.<\/b><\/p>\n<p><span style=\"font-weight: 400;\">Ziel der Konferenz ist es, die Ergebnisse wissenschaftlicher Untersuchungen zu pr\u00e4sentieren und Erfahrungen und Meinungen \u00fcber die Funktionsweise lokaler Verwaltungseinheiten in Europa unter den Bedingungen der Pandemie und der postpandemischen Krise auszutauschen.<\/span><\/p>\n<p><span style=\"font-weight: 400;\">Die Teilnehmer der Veranstaltung werden versuchen, das Vorhersage- und Reaktionspotenzial von Selbstverwaltungen zu bewerten, die in einem turbulenten Umfeld \u2014 nicht nur politischem, sondern auch wirtschaftlichem und sozialem \u2014 \u00f6ffentliche Aufgaben wahrnehmen.\u00a0<\/span><\/p>\n<p><span style=\"font-weight: 400;\">Die Konferenz wird im Rahmen des internationalen Forschungsprojekts \u201eUrban Post-COVID Recovery in the V4 Countries\u201d organisiert, das mit Unterst\u00fctzung des Internationalen Visegrad-Fonds (Strategic Grant) durchgef\u00fchrt wird.<\/span><\/p>\n<p><span style=\"font-weight: 400;\">Mehr: <\/span><a href=\"https:\/\/uwr.edu.pl\/wydarzenia\/miedzynarodowa-konferencja-samorzady-podczas-i-po-pandemii\/\"><span style=\"font-weight: 400;\">https:\/\/uwr.edu.pl\/wydarzenia\/miedzynarodowa-konferencja-samorzady-podczas-i-po-pandemii\/<\/span><\/a><span style=\"font-weight: 400;\">\u00a0<\/span><\/p>\n<p>&nbsp;<\/p>\n","protected":false},"excerpt":{"rendered":"<p>Das Institut f\u00fcr Politikwissenschaft der Universit\u00e4t Wroc\u0142aw l\u00e4dt am 26. und 27. April zur internationalen wissenschaftlichen Konferenz \u201eUrban Post-COVID Recovery \u2014 Experiences, Challenges and Future Pathways\u201d ein. Die Veranstaltung steht unter der Schirmherrschaft der Sektion f\u00fcr Verwaltung und Politik der Polnischen Gesellschaft f\u00fcr Politikwissenschaften, berichtet die Universit\u00e4t. Ziel der Konferenz ist es, die Ergebnisse wissenschaftlicher [&hellip;]<\/p>\n","protected":false},"author":6,"featured_media":265857,"comment_status":"closed","ping_status":"closed","sticky":false,"template":"","format":"standard","meta":[],"categories":[65],"tags":[],"_links":{"self":[{"href":"https:\/\/www.polishscience.pl\/de\/wp-json\/wp\/v2\/posts\/265984"}],"collection":[{"href":"https:\/\/www.polishscience.pl\/de\/wp-json\/wp\/v2\/posts"}],"about":[{"href":"https:\/\/www.polishscience.pl\/de\/wp-json\/wp\/v2\/types\/post"}],"author":[{"embeddable":true,"href":"https:\/\/www.polishscience.pl\/de\/wp-json\/wp\/v2\/users\/6"}],"replies":[{"embeddable":true,"href":"https:\/\/www.polishscience.pl\/de\/wp-json\/wp\/v2\/comments?post=265984"}],"version-history":[{"count":1,"href":"https:\/\/www.polishscience.pl\/de\/wp-json\/wp\/v2\/posts\/265984\/revisions"}],"predecessor-version":[{"id":265989,"href":"https:\/\/www.polishscience.pl\/de\/wp-json\/wp\/v2\/posts\/265984\/revisions\/265989"}],"wp:featuredmedia":[{"embeddable":true,"href":"https:\/\/www.polishscience.pl\/de\/wp-json\/wp\/v2\/media\/265857"}],"wp:attachment":[{"href":"https:\/\/www.polishscience.pl\/de\/wp-json\/wp\/v2\/media?parent=265984"}],"wp:term":[{"taxonomy":"category","embeddable":true,"href":"https:\/\/www.polishscience.pl\/de\/wp-json\/wp\/v2\/categories?post=265984"},{"taxonomy":"post_tag","embeddable":true,"href":"https:\/\/www.polishscience.pl\/de\/wp-json\/wp\/v2\/tags?post=265984"}],"curies":[{"name":"wp","href":"https:\/\/api.w.org\/{rel}","templated":true}]}}