{"id":265445,"date":"2023-02-08T16:36:29","date_gmt":"2023-02-08T15:36:29","guid":{"rendered":"https:\/\/polishscience.pl\/?p=265445"},"modified":"2023-02-08T16:36:29","modified_gmt":"2023-02-08T15:36:29","slug":"31-konferenz-der-vereinigung-der-mathematiklehrer-mathematische-manufaktur","status":"publish","type":"post","link":"https:\/\/www.polishscience.pl\/de\/31-konferenz-der-vereinigung-der-mathematiklehrer-mathematische-manufaktur\/","title":{"rendered":"31.Konferenz der Vereinigung der Mathematiklehrer \u2014 Mathematische Manufaktur"},"content":{"rendered":"<p><b>Vom 10. bis 13. Februar wird an der Technischen Universit\u00e4t \u0141\u00f3d\u017a die 31. Konferenz der Vereinigung der Mathematiklehrer \u2014 Mathematische Manufaktur \u2014 stattfinden, auf der Mathematiker aus ganz Polen \u00fcber Bildung diskutieren, sich \u00fcber Lehrmethoden austauschen und bew\u00e4hrte Praktiken im Bildungswesen vorstellen werden.<\/b><\/p>\n<p><span style=\"font-weight: 400;\">W\u00e4hrend der Er\u00f6ffnung der Konferenz am Freitag, dem 10. Februar, die in der Aula des Geb\u00e4udekomplexes Alchemium der Technischen Universit\u00e4t \u0141\u00f3d\u017a stattfinden wird, wird Professor Wodzis\u0142aw Duch von der Nikolaus-Kopernikus-Universit\u00e4t Toru\u0144 die Er\u00f6ffnungsvorlesung mit dem Titel \u201eMathematik, k\u00fcnstliche Intelligenz und Gehirne\u201d halten.<\/span><\/p>\n<p><span style=\"font-weight: 400;\">W\u00e4hrend der Konferenz wollen die Organisatoren eine Diskussion \u00fcber die mathematische Bildung ansto\u00dfen.\u00a0<\/span><\/p>\n<p><span style=\"font-weight: 400;\">\u201eWir m\u00f6chten den Lehrern mitteilen, was unserer Meinung nach im Mathematikunterricht fehlt und welche Kompetenzen wir von den Sch\u00fclern erwarten. Umgekehrt w\u00fcrden wir uns w\u00fcnschen, dass unsere Lehrer wissen, was im Bereich der Mathematik in fr\u00fcheren Bildungsphasen geschieht, denn manchmal haben wir den Eindruck, dass es gro\u00dfe Diskrepanzen gibt\u201d, erkl\u00e4rt Dr. habil. Ing. Ewa Korzeniewska, Univ.-Prof., Prodekanin f\u00fcr studentische Angelegenheiten der Technischen Universit\u00e4t \u0141\u00f3d\u017a.<\/span><\/p>\n","protected":false},"excerpt":{"rendered":"<p>Vom 10. bis 13. Februar wird an der Technischen Universit\u00e4t \u0141\u00f3d\u017a die 31. Konferenz der Vereinigung der Mathematiklehrer \u2014 Mathematische Manufaktur \u2014 stattfinden, auf der Mathematiker aus ganz Polen \u00fcber Bildung diskutieren, sich \u00fcber Lehrmethoden austauschen und bew\u00e4hrte Praktiken im Bildungswesen vorstellen werden. W\u00e4hrend der Er\u00f6ffnung der Konferenz am Freitag, dem 10. Februar, die in [&hellip;]<\/p>\n","protected":false},"author":6,"featured_media":265222,"comment_status":"closed","ping_status":"closed","sticky":false,"template":"","format":"standard","meta":[],"categories":[65],"tags":[],"_links":{"self":[{"href":"https:\/\/www.polishscience.pl\/de\/wp-json\/wp\/v2\/posts\/265445"}],"collection":[{"href":"https:\/\/www.polishscience.pl\/de\/wp-json\/wp\/v2\/posts"}],"about":[{"href":"https:\/\/www.polishscience.pl\/de\/wp-json\/wp\/v2\/types\/post"}],"author":[{"embeddable":true,"href":"https:\/\/www.polishscience.pl\/de\/wp-json\/wp\/v2\/users\/6"}],"replies":[{"embeddable":true,"href":"https:\/\/www.polishscience.pl\/de\/wp-json\/wp\/v2\/comments?post=265445"}],"version-history":[{"count":1,"href":"https:\/\/www.polishscience.pl\/de\/wp-json\/wp\/v2\/posts\/265445\/revisions"}],"predecessor-version":[{"id":265455,"href":"https:\/\/www.polishscience.pl\/de\/wp-json\/wp\/v2\/posts\/265445\/revisions\/265455"}],"wp:featuredmedia":[{"embeddable":true,"href":"https:\/\/www.polishscience.pl\/de\/wp-json\/wp\/v2\/media\/265222"}],"wp:attachment":[{"href":"https:\/\/www.polishscience.pl\/de\/wp-json\/wp\/v2\/media?parent=265445"}],"wp:term":[{"taxonomy":"category","embeddable":true,"href":"https:\/\/www.polishscience.pl\/de\/wp-json\/wp\/v2\/categories?post=265445"},{"taxonomy":"post_tag","embeddable":true,"href":"https:\/\/www.polishscience.pl\/de\/wp-json\/wp\/v2\/tags?post=265445"}],"curies":[{"name":"wp","href":"https:\/\/api.w.org\/{rel}","templated":true}]}}