{"id":263589,"date":"2023-01-30T17:48:08","date_gmt":"2023-01-30T16:48:08","guid":{"rendered":"https:\/\/polishscience.pl\/?p=263589"},"modified":"2023-01-30T17:48:08","modified_gmt":"2023-01-30T16:48:08","slug":"welttag-der-feuchtgebiete","status":"publish","type":"post","link":"https:\/\/www.polishscience.pl\/de\/welttag-der-feuchtgebiete\/","title":{"rendered":"Welttag der Feuchtgebiete"},"content":{"rendered":"<p><b>Am 3. Februar 2023 organisiert die Fakult\u00e4t f\u00fcr Geowissenschaften und Raumplanung der Maria-Curie-Sk\u0142odowska-Universit\u00e4t (UMCS) Lublin eine Veranstaltung anl\u00e4sslich des Welttages der Feuchtgebiete. Die diesj\u00e4hrige 6. Ausgabe des Events besteht aus zwei Teilen: einem popul\u00e4rwissenschaftlichen Teil und einer wissenschaftlichen Sitzung. Das Motto der diesj\u00e4hrigen Ausgabe lautet \u201eEs ist an der Zeit, Feuchtgebiete wiederherzustellen\u201d.<\/b><\/p>\n<p><span style=\"font-weight: 400;\">Der popul\u00e4rwissenschaftliche Teil mit Vortr\u00e4gen, Workshops, Wettbewerben und Ausstellungen richtet sich vor allem an Sch\u00fcler der Sekundarstufe und an alle, die sich f\u00fcr das Thema Feuchtgebiete interessieren.<\/span><\/p>\n<p><span style=\"font-weight: 400;\">Das Programm des popul\u00e4rwissenschaftlichen Teils der Veranstaltung umfasst drei Vortr\u00e4ge, 13 thematische Workshops, Ausstellungen von Gem\u00e4lden und Fotos sowie Wettbewerbe. Der wissenschaftliche Teil der Veranstaltung umfasst Vortr\u00e4ge von Fachleuten \u2014 Wissenschaftlern und Praktikern \u2014 \u00fcber laufende und abgeschlossene Projekte sowie \u00fcber die nat\u00fcrlichen Werte von Feuchtgebieten, den Arten- und Lebensraumschutz, die grenz\u00fcberschreitende Zusammenarbeit oder die Auswirkungen des Klimawandels auf das Verhalten der Avifauna.<\/span><\/p>\n","protected":false},"excerpt":{"rendered":"<p>Am 3. Februar 2023 organisiert die Fakult\u00e4t f\u00fcr Geowissenschaften und Raumplanung der Maria-Curie-Sk\u0142odowska-Universit\u00e4t (UMCS) Lublin eine Veranstaltung anl\u00e4sslich des Welttages der Feuchtgebiete. Die diesj\u00e4hrige 6. Ausgabe des Events besteht aus zwei Teilen: einem popul\u00e4rwissenschaftlichen Teil und einer wissenschaftlichen Sitzung. Das Motto der diesj\u00e4hrigen Ausgabe lautet \u201eEs ist an der Zeit, Feuchtgebiete wiederherzustellen\u201d. Der popul\u00e4rwissenschaftliche Teil [&hellip;]<\/p>\n","protected":false},"author":6,"featured_media":263407,"comment_status":"closed","ping_status":"closed","sticky":false,"template":"","format":"standard","meta":[],"categories":[65],"tags":[],"_links":{"self":[{"href":"https:\/\/www.polishscience.pl\/de\/wp-json\/wp\/v2\/posts\/263589"}],"collection":[{"href":"https:\/\/www.polishscience.pl\/de\/wp-json\/wp\/v2\/posts"}],"about":[{"href":"https:\/\/www.polishscience.pl\/de\/wp-json\/wp\/v2\/types\/post"}],"author":[{"embeddable":true,"href":"https:\/\/www.polishscience.pl\/de\/wp-json\/wp\/v2\/users\/6"}],"replies":[{"embeddable":true,"href":"https:\/\/www.polishscience.pl\/de\/wp-json\/wp\/v2\/comments?post=263589"}],"version-history":[{"count":1,"href":"https:\/\/www.polishscience.pl\/de\/wp-json\/wp\/v2\/posts\/263589\/revisions"}],"predecessor-version":[{"id":263597,"href":"https:\/\/www.polishscience.pl\/de\/wp-json\/wp\/v2\/posts\/263589\/revisions\/263597"}],"wp:featuredmedia":[{"embeddable":true,"href":"https:\/\/www.polishscience.pl\/de\/wp-json\/wp\/v2\/media\/263407"}],"wp:attachment":[{"href":"https:\/\/www.polishscience.pl\/de\/wp-json\/wp\/v2\/media?parent=263589"}],"wp:term":[{"taxonomy":"category","embeddable":true,"href":"https:\/\/www.polishscience.pl\/de\/wp-json\/wp\/v2\/categories?post=263589"},{"taxonomy":"post_tag","embeddable":true,"href":"https:\/\/www.polishscience.pl\/de\/wp-json\/wp\/v2\/tags?post=263589"}],"curies":[{"name":"wp","href":"https:\/\/api.w.org\/{rel}","templated":true}]}}