{"id":26159,"date":"2018-07-10T17:12:00","date_gmt":"2018-07-10T15:12:00","guid":{"rendered":"http:\/\/polishscience.pl\/?p=26159"},"modified":"2018-07-10T12:13:29","modified_gmt":"2018-07-10T10:13:29","slug":"prof-wojciech-polak-als-vorsitzender-des-kollegiums-am-institut-fuer-nationales-gedenken","status":"publish","type":"post","link":"https:\/\/www.polishscience.pl\/de\/prof-wojciech-polak-als-vorsitzender-des-kollegiums-am-institut-fuer-nationales-gedenken\/","title":{"rendered":"Prof. Wojciech Polak als Vorsitzender des Kollegiums am Institut f\u00fcr Nationales Gedenken"},"content":{"rendered":"<p><b>Prof. Dr. habil. Wojciech Polak aus der Fakult\u00e4t f\u00fcr Politikwissenschaften und Internationales Studium der Miko\u0142aj-Kopernik-Universit\u00e4t Toru\u0144 wurde zum Vorsitzenden des Kollegiums am Institut f\u00fcr Nationales Gedenken gew\u00e4hlt.<\/b><\/p>\n<p>Das Kollegium ist eine beratende Einrichtung des Instituts. Es hat die Aufgabe, die j\u00e4hrlichen T\u00e4tigkeitsberichte anzunehmen, den Vorsitzenden bei der Besetzung der F\u00fchrungspositionen zu beraten, die Forschungsprogramme zu begutachten, die Regeln der Aufbewahrung, Verarbeitung, Weiterleitung und Ver\u00f6ffentlichung der Dokumente zu beschlie\u03b2en.<\/p>\n<p>Prof. Polak ist Historiker. Er befasst sich mit der neusten Geschichte Polens. Er ist Autor von 25 B\u00fcchern und vielen Artikeln und Redakteur der zahlreichen Sammelb\u00e4nden. Er arbeitet als Leiter des Lehrstuhls f\u00fcr Politische Konflikte an der Fakult\u00e4t f\u00fcr Politikwissenschaften und Internationales Studium der Universit\u00e4t in Toru\u0144.<\/p>\n","protected":false},"excerpt":{"rendered":"<p>Prof. Dr. habil. Wojciech Polak aus der Fakult\u00e4t f\u00fcr Politikwissenschaften und Internationales Studium der Miko\u0142aj-Kopernik-Universit\u00e4t Toru\u0144 wurde zum Vorsitzenden des Kollegiums am Institut f\u00fcr Nationales Gedenken gew\u00e4hlt. Das Kollegium ist eine beratende Einrichtung des Instituts. Es hat die Aufgabe, die j\u00e4hrlichen T\u00e4tigkeitsberichte anzunehmen, den Vorsitzenden bei der Besetzung der F\u00fchrungspositionen zu beraten, die Forschungsprogramme zu [&hellip;]<\/p>\n","protected":false},"author":6,"featured_media":0,"comment_status":"closed","ping_status":"closed","sticky":false,"template":"","format":"standard","meta":[],"categories":[65],"tags":[],"_links":{"self":[{"href":"https:\/\/www.polishscience.pl\/de\/wp-json\/wp\/v2\/posts\/26159"}],"collection":[{"href":"https:\/\/www.polishscience.pl\/de\/wp-json\/wp\/v2\/posts"}],"about":[{"href":"https:\/\/www.polishscience.pl\/de\/wp-json\/wp\/v2\/types\/post"}],"author":[{"embeddable":true,"href":"https:\/\/www.polishscience.pl\/de\/wp-json\/wp\/v2\/users\/6"}],"replies":[{"embeddable":true,"href":"https:\/\/www.polishscience.pl\/de\/wp-json\/wp\/v2\/comments?post=26159"}],"version-history":[{"count":0,"href":"https:\/\/www.polishscience.pl\/de\/wp-json\/wp\/v2\/posts\/26159\/revisions"}],"wp:attachment":[{"href":"https:\/\/www.polishscience.pl\/de\/wp-json\/wp\/v2\/media?parent=26159"}],"wp:term":[{"taxonomy":"category","embeddable":true,"href":"https:\/\/www.polishscience.pl\/de\/wp-json\/wp\/v2\/categories?post=26159"},{"taxonomy":"post_tag","embeddable":true,"href":"https:\/\/www.polishscience.pl\/de\/wp-json\/wp\/v2\/tags?post=26159"}],"curies":[{"name":"wp","href":"https:\/\/api.w.org\/{rel}","templated":true}]}}