{"id":261171,"date":"2023-01-17T15:26:19","date_gmt":"2023-01-17T14:26:19","guid":{"rendered":"https:\/\/polishscience.pl\/?p=261171"},"modified":"2023-01-17T15:26:19","modified_gmt":"2023-01-17T14:26:19","slug":"tag-des-judentums-in-der-erzdioezese-lublin","status":"publish","type":"post","link":"https:\/\/www.polishscience.pl\/de\/tag-des-judentums-in-der-erzdioezese-lublin\/","title":{"rendered":"Tag des Judentums in der Erzdi\u00f6zese Lublin"},"content":{"rendered":"<p><b>Die diesj\u00e4hrigen Feierlichkeiten zum Tag des Judentums in der Erzdi\u00f6zese Lublin werden am Mittwoch, dem 18. Januar 2023, beginnen. Die Veranstaltung wird vom Erzdi\u00f6zesanzentrum f\u00fcr den katholisch-j\u00fcdischen Dialog und dem Abraham-J.-Heschel-Zentrum f\u00fcr katholisch-j\u00fcdische Beziehungen der Katholischen Universit\u00e4t Lublin (KUL) organisiert.<\/b><\/p>\n<p><span style=\"font-weight: 400;\">\u201eWir brauchen diesen Tag des Judentums, an dem wir die j\u00fcdischen Wurzeln der christlichen Religion entdecken, einen gemeinsamen Dialog f\u00fchren, zusammen beten, den Reichtum unserer Religionen entdecken und gemeinsam die Probleme l\u00f6sen k\u00f6nnen, denen wir in der heutigen Welt begegnen\u201d, betonte Pfarrer Prof. Miros\u0142aw Wr\u00f3bel, Direktor des Abraham-J.-Heschel-Zentrums f\u00fcr katholisch-j\u00fcdische Beziehungen an der KUL.<\/span><\/p>\n<p><span style=\"font-weight: 400;\">Die Veranstaltung wird mit dem Lied \u201eSchma Jisrael\u201d beginnen, danach werden Texte aus der Thora und aus dem Evangelium gelesen und zwei Kommentare \u2014 j\u00fcdisch und katholisch \u2014 gegeben. Rabbiner Jitzchak Rapoport von der J\u00fcdischen Glaubensgemeinde in Warschau wird \u00fcber das j\u00fcdische Pessachfest sprechen, w\u00e4hrend Pater Miros\u0142aw Bielecki, Leiter des Zentrums f\u00fcr Licht und Liebe in \u0141opoczno, das Pessachfest in christlicher Hinsicht vorstellen wird.<\/span><\/p>\n<p>&nbsp;<\/p>\n","protected":false},"excerpt":{"rendered":"<p>Die diesj\u00e4hrigen Feierlichkeiten zum Tag des Judentums in der Erzdi\u00f6zese Lublin werden am Mittwoch, dem 18. Januar 2023, beginnen. Die Veranstaltung wird vom Erzdi\u00f6zesanzentrum f\u00fcr den katholisch-j\u00fcdischen Dialog und dem Abraham-J.-Heschel-Zentrum f\u00fcr katholisch-j\u00fcdische Beziehungen der Katholischen Universit\u00e4t Lublin (KUL) organisiert. \u201eWir brauchen diesen Tag des Judentums, an dem wir die j\u00fcdischen Wurzeln der christlichen Religion [&hellip;]<\/p>\n","protected":false},"author":6,"featured_media":260970,"comment_status":"closed","ping_status":"closed","sticky":false,"template":"","format":"standard","meta":[],"categories":[65],"tags":[],"_links":{"self":[{"href":"https:\/\/www.polishscience.pl\/de\/wp-json\/wp\/v2\/posts\/261171"}],"collection":[{"href":"https:\/\/www.polishscience.pl\/de\/wp-json\/wp\/v2\/posts"}],"about":[{"href":"https:\/\/www.polishscience.pl\/de\/wp-json\/wp\/v2\/types\/post"}],"author":[{"embeddable":true,"href":"https:\/\/www.polishscience.pl\/de\/wp-json\/wp\/v2\/users\/6"}],"replies":[{"embeddable":true,"href":"https:\/\/www.polishscience.pl\/de\/wp-json\/wp\/v2\/comments?post=261171"}],"version-history":[{"count":1,"href":"https:\/\/www.polishscience.pl\/de\/wp-json\/wp\/v2\/posts\/261171\/revisions"}],"predecessor-version":[{"id":261181,"href":"https:\/\/www.polishscience.pl\/de\/wp-json\/wp\/v2\/posts\/261171\/revisions\/261181"}],"wp:featuredmedia":[{"embeddable":true,"href":"https:\/\/www.polishscience.pl\/de\/wp-json\/wp\/v2\/media\/260970"}],"wp:attachment":[{"href":"https:\/\/www.polishscience.pl\/de\/wp-json\/wp\/v2\/media?parent=261171"}],"wp:term":[{"taxonomy":"category","embeddable":true,"href":"https:\/\/www.polishscience.pl\/de\/wp-json\/wp\/v2\/categories?post=261171"},{"taxonomy":"post_tag","embeddable":true,"href":"https:\/\/www.polishscience.pl\/de\/wp-json\/wp\/v2\/tags?post=261171"}],"curies":[{"name":"wp","href":"https:\/\/api.w.org\/{rel}","templated":true}]}}