{"id":260452,"date":"2023-01-13T16:01:36","date_gmt":"2023-01-13T15:01:36","guid":{"rendered":"https:\/\/polishscience.pl\/?p=260452"},"modified":"2023-01-13T16:01:48","modified_gmt":"2023-01-13T15:01:48","slug":"wissenschaftliche-bienenkonferenz-in-lublin","status":"publish","type":"post","link":"https:\/\/www.polishscience.pl\/de\/wissenschaftliche-bienenkonferenz-in-lublin\/","title":{"rendered":"Wissenschaftliche Bienenkonferenz in Lublin"},"content":{"rendered":"<p><b>Am Donnerstag, dem 19. Januar 2023, wird im Kongresszentrum der Naturwissenschaftlichen Universit\u00e4t Lublin die wissenschaftliche Bienenkonferenz f\u00fcr den sozio\u00f6konomischen Umfeld \u201eWissenschaft f\u00fcr die Praxis\u201d stattfinden.\u00a0<\/b><\/p>\n<p><span style=\"font-weight: 400;\">Die Konferenz, die darauf abzielt, die Welt der Wissenschaft mit dem sozio\u00f6konomischen Umfeld zu verbinden, steht unter der Schirmherrschaft von drei Ministerien: f\u00fcr Klima und Umwelt, f\u00fcr Landwirtschaft und l\u00e4ndliche Entwicklung sowie f\u00fcr Bildung und Wissenschaft.<\/span><\/p>\n<p><span style=\"font-weight: 400;\">Ziel der Veranstaltung ist es, die wissenschaftliche Gemeinschaft der Bienenz\u00fcchter vorzustellen und die akademische Gemeinschaft (die sich in ihrer Forschung mit verschiedenen Zweigen der Bienenzucht befasst) mit Imkern und Unternehmern, die in diesem Bereich t\u00e4tig sind, zusammenzubringen.\u00a0<\/span><\/p>\n<p><span style=\"font-weight: 400;\">Auf der Konferenz werden die Richtungen und Ergebnisse der in verschiedenen wissenschaftlichen Zentren in ganz Polen durchgef\u00fchrten Forschungen, ihre Anwendungen, Umsetzungen und Einrichtungen vorgestellt, die f\u00fcr die t\u00e4gliche Arbeit des Imkers n\u00fctzlich sind.<\/span><\/p>\n","protected":false},"excerpt":{"rendered":"<p>Am Donnerstag, dem 19. Januar 2023, wird im Kongresszentrum der Naturwissenschaftlichen Universit\u00e4t Lublin die wissenschaftliche Bienenkonferenz f\u00fcr den sozio\u00f6konomischen Umfeld \u201eWissenschaft f\u00fcr die Praxis\u201d stattfinden.\u00a0 Die Konferenz, die darauf abzielt, die Welt der Wissenschaft mit dem sozio\u00f6konomischen Umfeld zu verbinden, steht unter der Schirmherrschaft von drei Ministerien: f\u00fcr Klima und Umwelt, f\u00fcr Landwirtschaft und l\u00e4ndliche [&hellip;]<\/p>\n","protected":false},"author":6,"featured_media":260335,"comment_status":"closed","ping_status":"closed","sticky":false,"template":"","format":"standard","meta":[],"categories":[65],"tags":[],"_links":{"self":[{"href":"https:\/\/www.polishscience.pl\/de\/wp-json\/wp\/v2\/posts\/260452"}],"collection":[{"href":"https:\/\/www.polishscience.pl\/de\/wp-json\/wp\/v2\/posts"}],"about":[{"href":"https:\/\/www.polishscience.pl\/de\/wp-json\/wp\/v2\/types\/post"}],"author":[{"embeddable":true,"href":"https:\/\/www.polishscience.pl\/de\/wp-json\/wp\/v2\/users\/6"}],"replies":[{"embeddable":true,"href":"https:\/\/www.polishscience.pl\/de\/wp-json\/wp\/v2\/comments?post=260452"}],"version-history":[{"count":1,"href":"https:\/\/www.polishscience.pl\/de\/wp-json\/wp\/v2\/posts\/260452\/revisions"}],"predecessor-version":[{"id":260454,"href":"https:\/\/www.polishscience.pl\/de\/wp-json\/wp\/v2\/posts\/260452\/revisions\/260454"}],"wp:featuredmedia":[{"embeddable":true,"href":"https:\/\/www.polishscience.pl\/de\/wp-json\/wp\/v2\/media\/260335"}],"wp:attachment":[{"href":"https:\/\/www.polishscience.pl\/de\/wp-json\/wp\/v2\/media?parent=260452"}],"wp:term":[{"taxonomy":"category","embeddable":true,"href":"https:\/\/www.polishscience.pl\/de\/wp-json\/wp\/v2\/categories?post=260452"},{"taxonomy":"post_tag","embeddable":true,"href":"https:\/\/www.polishscience.pl\/de\/wp-json\/wp\/v2\/tags?post=260452"}],"curies":[{"name":"wp","href":"https:\/\/api.w.org\/{rel}","templated":true}]}}