{"id":260448,"date":"2023-01-13T16:00:53","date_gmt":"2023-01-13T15:00:53","guid":{"rendered":"https:\/\/polishscience.pl\/?p=260448"},"modified":"2023-01-13T16:00:53","modified_gmt":"2023-01-13T15:00:53","slug":"polnisch-italienische-gespraeche-ueber-wissenschaft-und-bildung","status":"publish","type":"post","link":"https:\/\/www.polishscience.pl\/de\/polnisch-italienische-gespraeche-ueber-wissenschaft-und-bildung\/","title":{"rendered":"Polnisch-italienische Gespr\u00e4che \u00fcber Wissenschaft und Bildung"},"content":{"rendered":"<p><b>Der Erfahrungsaustausch, die Zusammenarbeit zwischen polnischen und italienischen Universit\u00e4ten, die Aufnahme ukrainischer Kinder in Schulen und die Situation der Sch\u00fcler an polnischen Schulen in Italien waren die Hauptthemen der Gespr\u00e4che zwischen dem Minister f\u00fcr Bildung und Wissenschaft, Przemys\u0142aw Czarnek, und dem Minister f\u00fcr Bildung und Verdienst der Republik Italien, Giuseppe Valditar, in Krakau.<\/b><\/p>\n<p><span style=\"font-weight: 400;\">\u201eHier in Krakau wurde an der Wende vom 14. zum 15. Jahrhundert die erste Universit\u00e4t in Polen und die zweite in diesem Teil Europas gegr\u00fcndet. Dreihundert und einhundertf\u00fcnfzig Jahre nach der Gr\u00fcndung der Universit\u00e4ten von Bologna und Padua\u201d, erinnerte Minister Czarnek und wies darauf hin, dass \u201ein Krakau auf der Grundlage der Freundschaft zwischen Karol Wojty\u0142a und Jerzy Kruger neue polnisch-j\u00fcdische und katholisch-j\u00fcdische Beziehungen entstanden sind. Krakau ist eine symbolische Stadt f\u00fcr ganz Polen und diesen Teil Europas sowie f\u00fcr Europa im Allgemeinen\u201d.<\/span><\/p>\n<p><span style=\"font-weight: 400;\">Im Anschluss an die Gespr\u00e4che trafen die Minister mit Sch\u00fclerinnen und Sch\u00fclern des Istituto Istruzione Superiore \u201eGIOVANNI BERTACCHI\u201d in Lecco und der Tadeusz-Ko\u015bciuszko-Oberschule Nr. 4 in Krakau zusammen, die an einer Vorf\u00fchrung eines Films in der VR-Technologie \u201eEine Karte vom Aufstand\u201d teilnahmen.<\/span><\/p>\n","protected":false},"excerpt":{"rendered":"<p>Der Erfahrungsaustausch, die Zusammenarbeit zwischen polnischen und italienischen Universit\u00e4ten, die Aufnahme ukrainischer Kinder in Schulen und die Situation der Sch\u00fcler an polnischen Schulen in Italien waren die Hauptthemen der Gespr\u00e4che zwischen dem Minister f\u00fcr Bildung und Wissenschaft, Przemys\u0142aw Czarnek, und dem Minister f\u00fcr Bildung und Verdienst der Republik Italien, Giuseppe Valditar, in Krakau. \u201eHier in [&hellip;]<\/p>\n","protected":false},"author":6,"featured_media":260325,"comment_status":"closed","ping_status":"closed","sticky":false,"template":"","format":"standard","meta":[],"categories":[65],"tags":[],"_links":{"self":[{"href":"https:\/\/www.polishscience.pl\/de\/wp-json\/wp\/v2\/posts\/260448"}],"collection":[{"href":"https:\/\/www.polishscience.pl\/de\/wp-json\/wp\/v2\/posts"}],"about":[{"href":"https:\/\/www.polishscience.pl\/de\/wp-json\/wp\/v2\/types\/post"}],"author":[{"embeddable":true,"href":"https:\/\/www.polishscience.pl\/de\/wp-json\/wp\/v2\/users\/6"}],"replies":[{"embeddable":true,"href":"https:\/\/www.polishscience.pl\/de\/wp-json\/wp\/v2\/comments?post=260448"}],"version-history":[{"count":1,"href":"https:\/\/www.polishscience.pl\/de\/wp-json\/wp\/v2\/posts\/260448\/revisions"}],"predecessor-version":[{"id":260451,"href":"https:\/\/www.polishscience.pl\/de\/wp-json\/wp\/v2\/posts\/260448\/revisions\/260451"}],"wp:featuredmedia":[{"embeddable":true,"href":"https:\/\/www.polishscience.pl\/de\/wp-json\/wp\/v2\/media\/260325"}],"wp:attachment":[{"href":"https:\/\/www.polishscience.pl\/de\/wp-json\/wp\/v2\/media?parent=260448"}],"wp:term":[{"taxonomy":"category","embeddable":true,"href":"https:\/\/www.polishscience.pl\/de\/wp-json\/wp\/v2\/categories?post=260448"},{"taxonomy":"post_tag","embeddable":true,"href":"https:\/\/www.polishscience.pl\/de\/wp-json\/wp\/v2\/tags?post=260448"}],"curies":[{"name":"wp","href":"https:\/\/api.w.org\/{rel}","templated":true}]}}