{"id":260237,"date":"2023-01-12T15:11:34","date_gmt":"2023-01-12T14:11:34","guid":{"rendered":"https:\/\/polishscience.pl\/?p=260237"},"modified":"2023-01-12T15:11:34","modified_gmt":"2023-01-12T14:11:34","slug":"stadt-und-gemeinde-wieliczka-veranstalten-gemeinsam-mit-der-wirtschaftsuniversitaet-krakau-eine-wissenschaftliche-konferenz","status":"publish","type":"post","link":"https:\/\/www.polishscience.pl\/de\/stadt-und-gemeinde-wieliczka-veranstalten-gemeinsam-mit-der-wirtschaftsuniversitaet-krakau-eine-wissenschaftliche-konferenz\/","title":{"rendered":"Stadt und Gemeinde Wieliczka veranstalten gemeinsam mit der Wirtschaftsuniversit\u00e4t Krakau eine wissenschaftliche Konferenz"},"content":{"rendered":"<p><b>Der B\u00fcrgermeister der Stadt und Gemeinde Wieliczka, Dr. Artur Kozio\u0142, unterzeichnete eine Vereinbarung mit dem Rektor der Wirtschaftsuniversit\u00e4t Krakau (UEK), Dr. habil. Stanis\u0142aw Mazur, Univ.-Prof., \u00fcber die gemeinsame Organisation einer wissenschaftlichen Konferenz mit dem Titel \u201eSelbstverwaltung 6.0. Soziale Entwicklung, wirtschaftliche Dienstleistungen, moderne Finanzen\u201d, die im Juni 2023 in Wieliczka stattfinden wird.<\/b><\/p>\n<p><span style=\"font-weight: 400;\">Die unterzeichnete Vereinbarung sieht vor, dass die UEK im Rahmen der geplanten Zusammenarbeit bei der Erstellung des Konferenzplans helfen und die Durchf\u00fchrung von Podiumsdiskussionen w\u00e4hrend der Veranstaltung inhaltlich unterst\u00fctzen wird.<\/span><\/p>\n<p><span style=\"font-weight: 400;\">\u201eIch freue mich, dass wir als Krakauer Wirtschaftsuniversit\u00e4t unsere Zusammenarbeit nicht nur mit der Wirtschaft, sondern auch mit der lokalen Regierung ausbauen und vertiefen. Die Stadt und Gemeinde Wieliczka ist ein wundersch\u00f6ner Ort mit einem enormen Potenzial. Ich bin sicher, dass die heute begonnene Zusammenarbeit fortgesetzt wird und weitere bemerkenswerte Initiativen hervorbringen wird\u201d, sagte der Rektor der UEK, Dr. habil. Stanis\u0142aw Mazur.<\/span><\/p>\n","protected":false},"excerpt":{"rendered":"<p>Der B\u00fcrgermeister der Stadt und Gemeinde Wieliczka, Dr. Artur Kozio\u0142, unterzeichnete eine Vereinbarung mit dem Rektor der Wirtschaftsuniversit\u00e4t Krakau (UEK), Dr. habil. Stanis\u0142aw Mazur, Univ.-Prof., \u00fcber die gemeinsame Organisation einer wissenschaftlichen Konferenz mit dem Titel \u201eSelbstverwaltung 6.0. Soziale Entwicklung, wirtschaftliche Dienstleistungen, moderne Finanzen\u201d, die im Juni 2023 in Wieliczka stattfinden wird. Die unterzeichnete Vereinbarung sieht [&hellip;]<\/p>\n","protected":false},"author":6,"featured_media":260114,"comment_status":"closed","ping_status":"closed","sticky":false,"template":"","format":"standard","meta":[],"categories":[65],"tags":[],"_links":{"self":[{"href":"https:\/\/www.polishscience.pl\/de\/wp-json\/wp\/v2\/posts\/260237"}],"collection":[{"href":"https:\/\/www.polishscience.pl\/de\/wp-json\/wp\/v2\/posts"}],"about":[{"href":"https:\/\/www.polishscience.pl\/de\/wp-json\/wp\/v2\/types\/post"}],"author":[{"embeddable":true,"href":"https:\/\/www.polishscience.pl\/de\/wp-json\/wp\/v2\/users\/6"}],"replies":[{"embeddable":true,"href":"https:\/\/www.polishscience.pl\/de\/wp-json\/wp\/v2\/comments?post=260237"}],"version-history":[{"count":1,"href":"https:\/\/www.polishscience.pl\/de\/wp-json\/wp\/v2\/posts\/260237\/revisions"}],"predecessor-version":[{"id":260246,"href":"https:\/\/www.polishscience.pl\/de\/wp-json\/wp\/v2\/posts\/260237\/revisions\/260246"}],"wp:featuredmedia":[{"embeddable":true,"href":"https:\/\/www.polishscience.pl\/de\/wp-json\/wp\/v2\/media\/260114"}],"wp:attachment":[{"href":"https:\/\/www.polishscience.pl\/de\/wp-json\/wp\/v2\/media?parent=260237"}],"wp:term":[{"taxonomy":"category","embeddable":true,"href":"https:\/\/www.polishscience.pl\/de\/wp-json\/wp\/v2\/categories?post=260237"},{"taxonomy":"post_tag","embeddable":true,"href":"https:\/\/www.polishscience.pl\/de\/wp-json\/wp\/v2\/tags?post=260237"}],"curies":[{"name":"wp","href":"https:\/\/api.w.org\/{rel}","templated":true}]}}