{"id":259985,"date":"2023-01-11T16:20:53","date_gmt":"2023-01-11T15:20:53","guid":{"rendered":"https:\/\/polishscience.pl\/?p=259985"},"modified":"2023-01-11T16:20:53","modified_gmt":"2023-01-11T15:20:53","slug":"eroeffnung-des-bueros-der-kul-abteilung-fuer-polonia-und-auslandspolen-in-paris","status":"publish","type":"post","link":"https:\/\/www.polishscience.pl\/de\/eroeffnung-des-bueros-der-kul-abteilung-fuer-polonia-und-auslandspolen-in-paris\/","title":{"rendered":"Er\u00f6ffnung des B\u00fcros der KUL-Abteilung f\u00fcr Polonia und Auslandspolen in Paris"},"content":{"rendered":"<p><b>Die Katholische Universit\u00e4t Lublin (KUL) und die Polnische Katholische Mission in Frankreich laden Sie herzlich ein, am Samstag, dem 14. Januar 2023, an der offiziellen Er\u00f6ffnung des B\u00fcros der KUL-Abteilung f\u00fcr Polonia und Polen im Ausland im Polnischen Seminar in Paris teilzunehmen. Die Veranstaltung wird von der Konferenz \u201eModerner Patriotismus, wie man Werte in der heutigen Welt f\u00f6rdern kann. Aktuelle Herausforderungen der Kommunikation, neue Medien und Technologien\u201d begleitet.<\/b><\/p>\n<p>An der Veranstaltung werden unter anderem Bischof Piotr Turzy\u0144ski, Delegierter der Polnischen Bischofskonferenz f\u00fcr die Seelsorge an polnischen Emigranten, und Pfarrer Prof. Miros\u0142aw Kalinowski, Rektor der Katholischen Universit\u00e4t Lublin, teilnehmen.<\/p>\n<p>Zu den Aufgaben des neu er\u00f6ffneten B\u00fcros der KUL-Abteilung geh\u00f6ren die Organisation von station\u00e4ren Lehrveranstaltungen im Rahmen von Kursen, Schulungen und postgradualen Studienprogrammen sowie von Konferenzen, Symposien, thematischen Debatten, Kursen und Lehrveranstaltungen in polnischer Sprache und zur Steigerung von Qualifikationen, z. B. f\u00fcr Lehrer der polnischen Schulen. Im B\u00fcro werden auch Lehrveranstaltungen und Treffen f\u00fcr polnische Kinder und Jugendliche stattfinden.<\/p>\n","protected":false},"excerpt":{"rendered":"<p>Die Katholische Universit\u00e4t Lublin (KUL) und die Polnische Katholische Mission in Frankreich laden Sie herzlich ein, am Samstag, dem 14. Januar 2023, an der offiziellen Er\u00f6ffnung des B\u00fcros der KUL-Abteilung f\u00fcr Polonia und Polen im Ausland im Polnischen Seminar in Paris teilzunehmen. Die Veranstaltung wird von der Konferenz \u201eModerner Patriotismus, wie man Werte in der [&hellip;]<\/p>\n","protected":false},"author":6,"featured_media":259720,"comment_status":"closed","ping_status":"closed","sticky":false,"template":"","format":"standard","meta":[],"categories":[65],"tags":[],"_links":{"self":[{"href":"https:\/\/www.polishscience.pl\/de\/wp-json\/wp\/v2\/posts\/259985"}],"collection":[{"href":"https:\/\/www.polishscience.pl\/de\/wp-json\/wp\/v2\/posts"}],"about":[{"href":"https:\/\/www.polishscience.pl\/de\/wp-json\/wp\/v2\/types\/post"}],"author":[{"embeddable":true,"href":"https:\/\/www.polishscience.pl\/de\/wp-json\/wp\/v2\/users\/6"}],"replies":[{"embeddable":true,"href":"https:\/\/www.polishscience.pl\/de\/wp-json\/wp\/v2\/comments?post=259985"}],"version-history":[{"count":1,"href":"https:\/\/www.polishscience.pl\/de\/wp-json\/wp\/v2\/posts\/259985\/revisions"}],"predecessor-version":[{"id":259995,"href":"https:\/\/www.polishscience.pl\/de\/wp-json\/wp\/v2\/posts\/259985\/revisions\/259995"}],"wp:featuredmedia":[{"embeddable":true,"href":"https:\/\/www.polishscience.pl\/de\/wp-json\/wp\/v2\/media\/259720"}],"wp:attachment":[{"href":"https:\/\/www.polishscience.pl\/de\/wp-json\/wp\/v2\/media?parent=259985"}],"wp:term":[{"taxonomy":"category","embeddable":true,"href":"https:\/\/www.polishscience.pl\/de\/wp-json\/wp\/v2\/categories?post=259985"},{"taxonomy":"post_tag","embeddable":true,"href":"https:\/\/www.polishscience.pl\/de\/wp-json\/wp\/v2\/tags?post=259985"}],"curies":[{"name":"wp","href":"https:\/\/api.w.org\/{rel}","templated":true}]}}