{"id":258506,"date":"2023-01-03T15:58:15","date_gmt":"2023-01-03T14:58:15","guid":{"rendered":"https:\/\/polishscience.pl\/?p=258506"},"modified":"2023-01-03T15:58:15","modified_gmt":"2023-01-03T14:58:15","slug":"forscherin-der-technischen-universitaet-wroclaw-im-wettbewerb-des-staatlichen-fonds-fuer-menschen-mit-behinderungen-ausgezeichnet","status":"publish","type":"post","link":"https:\/\/www.polishscience.pl\/de\/forscherin-der-technischen-universitaet-wroclaw-im-wettbewerb-des-staatlichen-fonds-fuer-menschen-mit-behinderungen-ausgezeichnet\/","title":{"rendered":"Forscherin der Technischen Universit\u00e4t Wroc\u0142aw im Wettbewerb des Staatlichen Fonds f\u00fcr Menschen mit Behinderungen ausgezeichnet"},"content":{"rendered":"<p><b>Dr. Ing. Arch. Anna Mi\u015bniakiewicz von der Technischen Universit\u00e4t Wroc\u0142aw hat den Hauptpreis im nationalen Wettbewerb des Staatlichen Fonds f\u00fcr Menschen mit Behinderungen \u201eOffene T\u00fcre\u201d gewonnen. Die Jury w\u00fcrdigte ihre Doktorarbeit \u00fcber die Rolle des st\u00e4dtischen Raums bei der sozialen Aktivierung von Senioren.<\/b><\/p>\n<p>In ihrer Doktorarbeit befasst sich die Forscherin mit der Rolle des st\u00e4dtischen Raums bei der sozialen Aktivierung der Seniorengemeinschaft. Sie wollte das Interesse der polnischen Designer f\u00fcr die Probleme und die Frage der Gestaltung eines st\u00e4dtischen Umfelds wecken, das die Aktivit\u00e4t \u00e4lterer Menschen und ein positives soziales Verhalten beg\u00fcnstigt, was angesichts des bevorstehenden demografischen Zusammenbruchs \u00e4u\u00dferst wichtig ist, hei\u00dft es auf der Website der Universit\u00e4t.<\/p>\n<p>Der Wettbewerb des Staatlichen Fonds f\u00fcr die Rehabilitation von Menschen mit Behinderungen w\u00fcrdigt wissenschaftliche Arbeiten, die sich mit Behinderung in ihrer gesundheitlichen, beruflichen und sozialen Dimension befassen, sowie technische L\u00f6sungen, die Menschen mit Behinderungen dienen.<\/p>\n<p>Mehr: <a href=\"https:\/\/pwr.edu.pl\/uczelnia\/aktualnosci\/doktorat-naszej-badaczki-z-nagroda-pfron-12755.html\">https:\/\/pwr.edu.pl\/uczelnia\/aktualnosci\/doktorat-naszej-badaczki-z-nagroda-pfron-12755.html<\/a><\/p>\n","protected":false},"excerpt":{"rendered":"<p>Dr. Ing. Arch. Anna Mi\u015bniakiewicz von der Technischen Universit\u00e4t Wroc\u0142aw hat den Hauptpreis im nationalen Wettbewerb des Staatlichen Fonds f\u00fcr Menschen mit Behinderungen \u201eOffene T\u00fcre\u201d gewonnen. Die Jury w\u00fcrdigte ihre Doktorarbeit \u00fcber die Rolle des st\u00e4dtischen Raums bei der sozialen Aktivierung von Senioren. In ihrer Doktorarbeit befasst sich die Forscherin mit der Rolle des st\u00e4dtischen [&hellip;]<\/p>\n","protected":false},"author":6,"featured_media":258369,"comment_status":"closed","ping_status":"closed","sticky":false,"template":"","format":"standard","meta":[],"categories":[65],"tags":[],"_links":{"self":[{"href":"https:\/\/www.polishscience.pl\/de\/wp-json\/wp\/v2\/posts\/258506"}],"collection":[{"href":"https:\/\/www.polishscience.pl\/de\/wp-json\/wp\/v2\/posts"}],"about":[{"href":"https:\/\/www.polishscience.pl\/de\/wp-json\/wp\/v2\/types\/post"}],"author":[{"embeddable":true,"href":"https:\/\/www.polishscience.pl\/de\/wp-json\/wp\/v2\/users\/6"}],"replies":[{"embeddable":true,"href":"https:\/\/www.polishscience.pl\/de\/wp-json\/wp\/v2\/comments?post=258506"}],"version-history":[{"count":1,"href":"https:\/\/www.polishscience.pl\/de\/wp-json\/wp\/v2\/posts\/258506\/revisions"}],"predecessor-version":[{"id":258519,"href":"https:\/\/www.polishscience.pl\/de\/wp-json\/wp\/v2\/posts\/258506\/revisions\/258519"}],"wp:featuredmedia":[{"embeddable":true,"href":"https:\/\/www.polishscience.pl\/de\/wp-json\/wp\/v2\/media\/258369"}],"wp:attachment":[{"href":"https:\/\/www.polishscience.pl\/de\/wp-json\/wp\/v2\/media?parent=258506"}],"wp:term":[{"taxonomy":"category","embeddable":true,"href":"https:\/\/www.polishscience.pl\/de\/wp-json\/wp\/v2\/categories?post=258506"},{"taxonomy":"post_tag","embeddable":true,"href":"https:\/\/www.polishscience.pl\/de\/wp-json\/wp\/v2\/tags?post=258506"}],"curies":[{"name":"wp","href":"https:\/\/api.w.org\/{rel}","templated":true}]}}