{"id":24969,"date":"2018-07-03T15:03:37","date_gmt":"2018-07-03T13:03:37","guid":{"rendered":"http:\/\/polishscience.pl\/?p=24969"},"modified":"2018-07-03T10:05:28","modified_gmt":"2018-07-03T08:05:28","slug":"die-sommerferien-mit-der-technischen-universitaet-warschau","status":"publish","type":"post","link":"https:\/\/www.polishscience.pl\/de\/die-sommerferien-mit-der-technischen-universitaet-warschau\/","title":{"rendered":"Die Sommerferien mit der Technischen Universit\u00e4t Warschau"},"content":{"rendered":"<p><b>Der Wissenschaftscamp der Technischen Universit\u00e4t Warschau ist ein Forschungs- und Erholungsangebot f\u00fcr Sch\u00fcler der Grundschulen, Gymnasien und Oberschulen, die sich f\u00fcr Naturwissenschaften und Ingenieurwissenschaften interessieren.<\/b><\/p>\n<p>Der Wissenschaftscamp der Technischen Universit\u00e4t Warschau 2018 findet in Pi\u0119kna G\u00f3ra neben Gi\u017cycko statt. Es ist ein ideales Angebot der Verbringung von den Sommerferien vor allem f\u00fcr die Personen, die an der Technischen Universit\u00e4t Warschau oder einer anderen technischen Universit\u00e4t studieren wollen \u2013 \u00fcberzeugt die Warschauer Hochschule.<\/p>\n<p>Jeder zuk\u00fcnftige Student soll an wissenschaftlichen Workshops teilnehmen, die von den Wissenschaftlern, Hochschullehrern, Absolventen und Studenten der Technischen Universit\u00e4t Warschau gef\u00fchrt werden.<\/p>\n<p>Mehr:<br \/>\n<a href=\"https:\/\/klatrat.org\/projekt\/oboz-naukowy-pw-2018\">https:\/\/klatrat.org\/projekt\/oboz-naukowy-pw-2018<\/a><\/p>\n","protected":false},"excerpt":{"rendered":"<p>Der Wissenschaftscamp der Technischen Universit\u00e4t Warschau ist ein Forschungs- und Erholungsangebot f\u00fcr Sch\u00fcler der Grundschulen, Gymnasien und Oberschulen, die sich f\u00fcr Naturwissenschaften und Ingenieurwissenschaften interessieren. Der Wissenschaftscamp der Technischen Universit\u00e4t Warschau 2018 findet in Pi\u0119kna G\u00f3ra neben Gi\u017cycko statt. Es ist ein ideales Angebot der Verbringung von den Sommerferien vor allem f\u00fcr die Personen, die [&hellip;]<\/p>\n","protected":false},"author":6,"featured_media":0,"comment_status":"closed","ping_status":"closed","sticky":false,"template":"","format":"standard","meta":[],"categories":[59,65],"tags":[],"_links":{"self":[{"href":"https:\/\/www.polishscience.pl\/de\/wp-json\/wp\/v2\/posts\/24969"}],"collection":[{"href":"https:\/\/www.polishscience.pl\/de\/wp-json\/wp\/v2\/posts"}],"about":[{"href":"https:\/\/www.polishscience.pl\/de\/wp-json\/wp\/v2\/types\/post"}],"author":[{"embeddable":true,"href":"https:\/\/www.polishscience.pl\/de\/wp-json\/wp\/v2\/users\/6"}],"replies":[{"embeddable":true,"href":"https:\/\/www.polishscience.pl\/de\/wp-json\/wp\/v2\/comments?post=24969"}],"version-history":[{"count":0,"href":"https:\/\/www.polishscience.pl\/de\/wp-json\/wp\/v2\/posts\/24969\/revisions"}],"wp:attachment":[{"href":"https:\/\/www.polishscience.pl\/de\/wp-json\/wp\/v2\/media?parent=24969"}],"wp:term":[{"taxonomy":"category","embeddable":true,"href":"https:\/\/www.polishscience.pl\/de\/wp-json\/wp\/v2\/categories?post=24969"},{"taxonomy":"post_tag","embeddable":true,"href":"https:\/\/www.polishscience.pl\/de\/wp-json\/wp\/v2\/tags?post=24969"}],"curies":[{"name":"wp","href":"https:\/\/api.w.org\/{rel}","templated":true}]}}