{"id":243368,"date":"2022-10-07T16:24:19","date_gmt":"2022-10-07T14:24:19","guid":{"rendered":"https:\/\/polishscience.pl\/?p=243368"},"modified":"2022-10-07T16:24:19","modified_gmt":"2022-10-07T14:24:19","slug":"eroeffnungsfeier-der-medizinischen-fakultaet-an-der-katholischen-universitaet-lublin","status":"publish","type":"post","link":"https:\/\/www.polishscience.pl\/de\/eroeffnungsfeier-der-medizinischen-fakultaet-an-der-katholischen-universitaet-lublin\/","title":{"rendered":"Er\u00f6ffnungsfeier der Medizinischen Fakult\u00e4t an der Katholischen Universit\u00e4t Lublin"},"content":{"rendered":"<p><b>\u201eWir wollen den ganzen Menschen sehen \u2014 seine somatischen, psychologischen und geistigen Aspekte\u201d, sagte der Rektor der Katholischen Universit\u00e4t Lublin (KUL), Pfarrer Prof. Miros\u0142aw Kalinowski, bei der Er\u00f6ffnungsfeier der Medizinischen Fakult\u00e4t.<\/b><\/p>\n<p><span style=\"font-weight: 400;\">Die neue Fakult\u00e4t bietet bereits Ausbildung in Hebammenkunde, Krankenpflege, Biotechnologie und Di\u00e4tetik an, und ab Oktober 2023 wird auch das Medizinstudium an der KUL m\u00f6glich sein.<\/span><\/p>\n<p><span style=\"font-weight: 400;\">Unterst\u00fctzung f\u00fcr die neue Fakult\u00e4t sagte Gesundheitsminister Adam Niedzielski zu, der darauf hinwies, dass die Erh\u00f6hung der Zahl der Medizinstudenten dazu f\u00fchren werde, dass die Patienten in Zukunft einen besseren Zugang zu einem Arzt haben w\u00fcrden.<\/span><\/p>\n<p><span style=\"font-weight: 400;\">Minister Niedzielski k\u00fcndigte an, dass das Gesundheitsministerium die medizinische Fakult\u00e4t der Katholischen Universit\u00e4t Lublin mit 40 Millionen PLN in Form von Anleihen unterst\u00fctzen werde.<\/span><\/p>\n","protected":false},"excerpt":{"rendered":"<p>\u201eWir wollen den ganzen Menschen sehen \u2014 seine somatischen, psychologischen und geistigen Aspekte\u201d, sagte der Rektor der Katholischen Universit\u00e4t Lublin (KUL), Pfarrer Prof. Miros\u0142aw Kalinowski, bei der Er\u00f6ffnungsfeier der Medizinischen Fakult\u00e4t. Die neue Fakult\u00e4t bietet bereits Ausbildung in Hebammenkunde, Krankenpflege, Biotechnologie und Di\u00e4tetik an, und ab Oktober 2023 wird auch das Medizinstudium an der KUL [&hellip;]<\/p>\n","protected":false},"author":6,"featured_media":243205,"comment_status":"closed","ping_status":"closed","sticky":false,"template":"","format":"standard","meta":[],"categories":[59],"tags":[],"_links":{"self":[{"href":"https:\/\/www.polishscience.pl\/de\/wp-json\/wp\/v2\/posts\/243368"}],"collection":[{"href":"https:\/\/www.polishscience.pl\/de\/wp-json\/wp\/v2\/posts"}],"about":[{"href":"https:\/\/www.polishscience.pl\/de\/wp-json\/wp\/v2\/types\/post"}],"author":[{"embeddable":true,"href":"https:\/\/www.polishscience.pl\/de\/wp-json\/wp\/v2\/users\/6"}],"replies":[{"embeddable":true,"href":"https:\/\/www.polishscience.pl\/de\/wp-json\/wp\/v2\/comments?post=243368"}],"version-history":[{"count":0,"href":"https:\/\/www.polishscience.pl\/de\/wp-json\/wp\/v2\/posts\/243368\/revisions"}],"wp:featuredmedia":[{"embeddable":true,"href":"https:\/\/www.polishscience.pl\/de\/wp-json\/wp\/v2\/media\/243205"}],"wp:attachment":[{"href":"https:\/\/www.polishscience.pl\/de\/wp-json\/wp\/v2\/media?parent=243368"}],"wp:term":[{"taxonomy":"category","embeddable":true,"href":"https:\/\/www.polishscience.pl\/de\/wp-json\/wp\/v2\/categories?post=243368"},{"taxonomy":"post_tag","embeddable":true,"href":"https:\/\/www.polishscience.pl\/de\/wp-json\/wp\/v2\/tags?post=243368"}],"curies":[{"name":"wp","href":"https:\/\/api.w.org\/{rel}","templated":true}]}}