{"id":243104,"date":"2022-10-06T16:21:49","date_gmt":"2022-10-06T14:21:49","guid":{"rendered":"https:\/\/polishscience.pl\/?p=243104"},"modified":"2022-10-06T16:21:49","modified_gmt":"2022-10-06T14:21:49","slug":"an-der-technischen-universitaet-wroclaw-wird-es-die-medizinische-fakultaet-geben","status":"publish","type":"post","link":"https:\/\/www.polishscience.pl\/de\/an-der-technischen-universitaet-wroclaw-wird-es-die-medizinische-fakultaet-geben\/","title":{"rendered":"An der Technischen Universit\u00e4t Wroc\u0142aw wird es die medizinische Fakult\u00e4t geben"},"content":{"rendered":"<p><b>An der Technischen Universit\u00e4t Wroc\u0142aw soll eine medizinische Fakult\u00e4t eingerichtet werden. Ab dem n\u00e4chsten akademischen Jahr sollen 60 Studenten das Medizinstudium aufnehmen. Das Studium soll in Zusammenarbeit mit Krankenh\u00e4usern aus Wroc\u0142aw durchgef\u00fchrt werden, berichtet die Technische Universit\u00e4t.<\/b><\/p>\n<p><span style=\"font-weight: 400;\">Die Gr\u00fcndung der neuen Fakult\u00e4t wurde vom Rektor der Technischen Universit\u00e4t, Professor Arkadiusz W\u00f3js, angek\u00fcndigt. Dies sollte eine Antwort auf den Mangel an medizinischem Personal sein, mit dem fast alle Krankenh\u00e4user in Polen zu k\u00e4mpfen haben, aber auch eine Gelegenheit, die Forschung im Bereich der Gesundheits- und Biowissenschaften zu entwickeln. Ein Expertenteam hat in den letzten Monaten an dem Projekt zur Einrichtung der Fakult\u00e4t gearbeitet. Die Genehmigung f\u00fcr die Fakult\u00e4t muss vom Minister f\u00fcr Bildung und Wissenschaft erteilt werden.<\/span><\/p>\n<p><span style=\"font-weight: 400;\">Die Ausbildung an der medizinischen Fakult\u00e4t wird in Zusammenarbeit mit den Krankenh\u00e4usern in Wroc\u0142aw erfolgen, mit denen in K\u00fcrze entsprechende Vereinbarungen unterzeichnet werden sollen. Das akademische Personal wird gr\u00f6\u00dftenteils aus \u00c4rzten mit wissenschaftlichen Graden und Titeln bestehen. Im Oktober 2023 werden voraussichtlich 60 Studierende ihr Studium an der neuen Fakult\u00e4t aufnehmen.<\/span><\/p>\n<p><span style=\"font-weight: 400;\">Mehr: <\/span><a href=\"https:\/\/pwr.edu.pl\/uczelnia\/aktualnosci\/bedziemy-miec-wydzial-medyczny-12627.html\"><span style=\"font-weight: 400;\">https:\/\/pwr.edu.pl\/uczelnia\/aktualnosci\/bedziemy-miec-wydzial-medyczny-12627.html<\/span><\/a><span style=\"font-weight: 400;\">\u00a0<\/span><\/p>\n","protected":false},"excerpt":{"rendered":"<p>An der Technischen Universit\u00e4t Wroc\u0142aw soll eine medizinische Fakult\u00e4t eingerichtet werden. Ab dem n\u00e4chsten akademischen Jahr sollen 60 Studenten das Medizinstudium aufnehmen. Das Studium soll in Zusammenarbeit mit Krankenh\u00e4usern aus Wroc\u0142aw durchgef\u00fchrt werden, berichtet die Technische Universit\u00e4t. Die Gr\u00fcndung der neuen Fakult\u00e4t wurde vom Rektor der Technischen Universit\u00e4t, Professor Arkadiusz W\u00f3js, angek\u00fcndigt. Dies sollte eine [&hellip;]<\/p>\n","protected":false},"author":6,"featured_media":242990,"comment_status":"closed","ping_status":"closed","sticky":false,"template":"","format":"standard","meta":[],"categories":[59],"tags":[],"_links":{"self":[{"href":"https:\/\/www.polishscience.pl\/de\/wp-json\/wp\/v2\/posts\/243104"}],"collection":[{"href":"https:\/\/www.polishscience.pl\/de\/wp-json\/wp\/v2\/posts"}],"about":[{"href":"https:\/\/www.polishscience.pl\/de\/wp-json\/wp\/v2\/types\/post"}],"author":[{"embeddable":true,"href":"https:\/\/www.polishscience.pl\/de\/wp-json\/wp\/v2\/users\/6"}],"replies":[{"embeddable":true,"href":"https:\/\/www.polishscience.pl\/de\/wp-json\/wp\/v2\/comments?post=243104"}],"version-history":[{"count":0,"href":"https:\/\/www.polishscience.pl\/de\/wp-json\/wp\/v2\/posts\/243104\/revisions"}],"wp:featuredmedia":[{"embeddable":true,"href":"https:\/\/www.polishscience.pl\/de\/wp-json\/wp\/v2\/media\/242990"}],"wp:attachment":[{"href":"https:\/\/www.polishscience.pl\/de\/wp-json\/wp\/v2\/media?parent=243104"}],"wp:term":[{"taxonomy":"category","embeddable":true,"href":"https:\/\/www.polishscience.pl\/de\/wp-json\/wp\/v2\/categories?post=243104"},{"taxonomy":"post_tag","embeddable":true,"href":"https:\/\/www.polishscience.pl\/de\/wp-json\/wp\/v2\/tags?post=243104"}],"curies":[{"name":"wp","href":"https:\/\/api.w.org\/{rel}","templated":true}]}}