{"id":24276,"date":"2018-06-28T13:53:48","date_gmt":"2018-06-28T11:53:48","guid":{"rendered":"http:\/\/polishscience.pl\/?p=24276"},"modified":"2018-06-28T11:55:15","modified_gmt":"2018-06-28T09:55:15","slug":"das-15-amerikanistische-forum-an-der-universitaet-bialystok","status":"publish","type":"post","link":"https:\/\/www.polishscience.pl\/de\/das-15-amerikanistische-forum-an-der-universitaet-bialystok\/","title":{"rendered":"Das 15. Amerikanistische Forum an der Universit\u00e4t Bia\u0142ystok"},"content":{"rendered":"<p><b>Die Abteilung f\u00fcr Geschichte der Vereinigten Staaten der Universit\u00e4t Bia\u0142ystok organisiert das 15. Amerikanistische Forum. Das Forum beginnt am 29. Juni 2018, und seine Teilnehmer sprechen \u00fcber die polnisch-amerikanische Beziehungen im Zusammenhang mit dem 100. Jahrestag der Wiederherstellung der Unabh\u00e4ngigkeit Polens.<\/b><\/p>\n<p>Die Universit\u00e4t Danzig informiert, man diskutiert w\u00e4hrend des Forums auch \u00fcber den Anteil der Polen im Ersten Weltkrieg und das Verh\u00e4ltnis von Woodrow Wilson zur polnischen Unabh\u00e4ngigkeit. Den Vortrag unter dem Titel \u201e100 Years Together: People, History, Future\u201d h\u00e4lt der Sondergast \u2013 Dan Hastings, Kulturattach\u00e9 der Botschaft von den USA in Warschau.<\/p>\n<p>W\u00e4hrend des Forums k\u00f6nnen die Teilnehmer \u00fcber 25 Vortr\u00e4ge anh\u00f6ren und erfahren u.a.: wie die Presse in Amerika auf den Novemberaufstand in Polen reagierte, ob Kazimierz Pu\u0142aski wirklich ein Vater der amerikanischen Kavallerie war und was Thomas Jefferson mit Tadeusz Ko\u015bciuszko verbindet<\/p>\n<p>&nbsp;<\/p>\n","protected":false},"excerpt":{"rendered":"<p>Die Abteilung f\u00fcr Geschichte der Vereinigten Staaten der Universit\u00e4t Bia\u0142ystok organisiert das 15. Amerikanistische Forum. Das Forum beginnt am 29. Juni 2018, und seine Teilnehmer sprechen \u00fcber die polnisch-amerikanische Beziehungen im Zusammenhang mit dem 100. Jahrestag der Wiederherstellung der Unabh\u00e4ngigkeit Polens. Die Universit\u00e4t Danzig informiert, man diskutiert w\u00e4hrend des Forums auch \u00fcber den Anteil der [&hellip;]<\/p>\n","protected":false},"author":6,"featured_media":0,"comment_status":"closed","ping_status":"closed","sticky":false,"template":"","format":"standard","meta":[],"categories":[59,65],"tags":[],"_links":{"self":[{"href":"https:\/\/www.polishscience.pl\/de\/wp-json\/wp\/v2\/posts\/24276"}],"collection":[{"href":"https:\/\/www.polishscience.pl\/de\/wp-json\/wp\/v2\/posts"}],"about":[{"href":"https:\/\/www.polishscience.pl\/de\/wp-json\/wp\/v2\/types\/post"}],"author":[{"embeddable":true,"href":"https:\/\/www.polishscience.pl\/de\/wp-json\/wp\/v2\/users\/6"}],"replies":[{"embeddable":true,"href":"https:\/\/www.polishscience.pl\/de\/wp-json\/wp\/v2\/comments?post=24276"}],"version-history":[{"count":0,"href":"https:\/\/www.polishscience.pl\/de\/wp-json\/wp\/v2\/posts\/24276\/revisions"}],"wp:attachment":[{"href":"https:\/\/www.polishscience.pl\/de\/wp-json\/wp\/v2\/media?parent=24276"}],"wp:term":[{"taxonomy":"category","embeddable":true,"href":"https:\/\/www.polishscience.pl\/de\/wp-json\/wp\/v2\/categories?post=24276"},{"taxonomy":"post_tag","embeddable":true,"href":"https:\/\/www.polishscience.pl\/de\/wp-json\/wp\/v2\/tags?post=24276"}],"curies":[{"name":"wp","href":"https:\/\/api.w.org\/{rel}","templated":true}]}}