{"id":241601,"date":"2022-09-28T16:09:22","date_gmt":"2022-09-28T14:09:22","guid":{"rendered":"https:\/\/polishscience.pl\/?p=241601"},"modified":"2022-09-28T16:09:22","modified_gmt":"2022-09-28T14:09:22","slug":"adam-mickiewicz-universitaet-poznan-unterzeichnet-neue-version-der-magna-charta-universitatum","status":"publish","type":"post","link":"https:\/\/www.polishscience.pl\/de\/adam-mickiewicz-universitaet-poznan-unterzeichnet-neue-version-der-magna-charta-universitatum\/","title":{"rendered":"Adam-Mickiewicz-Universit\u00e4t Pozna\u0144 unterzeichnet neue Version der Magna Charta Universitatum"},"content":{"rendered":"<p><b>Die Rektorin der Adam-Mickiewicz-Universit\u00e4t Pozna\u0144, Professorin Bogumi\u0142a Kaniewska, hat die neue Version der Magna Charta unterzeichnet. An der Tagung \u201eUniversities Engaging with Society in Turbulent Times\u201d, die in der italienischen Stadt Bologna stattfand, nahmen fast 200 Rektoren, Pr\u00e4sidenten und andere Hochschulvertreter teil.<\/b><\/p>\n<p><span style=\"font-weight: 400;\">\u201eDie Konferenz drehte sich um eine Reihe von Themen, aber das vorherrschende Thema war die Frage, wie moderne Universit\u00e4ten mit der modernen Welt umgehen sollten. Es war \u00e4u\u00dferst wertvoll, Erfahrungen von anderen Universit\u00e4ten und Informationen dar\u00fcber zu erhalten, mit welchen Schwierigkeiten Wissenschafts- und Hochschuleinrichtungen in anderen L\u00e4ndern konfrontiert sind\u201d, berichtete Prof. Kaniewska.<\/span><\/p>\n<p><span style=\"font-weight: 400;\">Die Magna Charta Universitatum wurde erstmals 1988 anl\u00e4sslich des 900-j\u00e4hrigen Bestehens der Universit\u00e4t Bologna unterzeichnet. Es handelt sich um eine Erkl\u00e4rung der Grundprinzipien, auf die sich die Universit\u00e4ten st\u00fctzen sollten. Die Universit\u00e4t Pozna\u0144 ist seit 2018 die Unterzeichnerin der Magna Charta Universitatum.<\/span><\/p>\n<p><span style=\"font-weight: 400;\">Mehr: <\/span><a href=\"https:\/\/amu.edu.pl\/dla-mediow\/komunikaty-prasowe\/magna-charta-universitatum\"><span style=\"font-weight: 400;\">https:\/\/amu.edu.pl\/dla-mediow\/komunikaty-prasowe\/magna-charta-universitatum<\/span><\/a><span style=\"font-weight: 400;\">\u00a0<\/span><\/p>\n<p>&nbsp;<\/p>\n","protected":false},"excerpt":{"rendered":"<p>Die Rektorin der Adam-Mickiewicz-Universit\u00e4t Pozna\u0144, Professorin Bogumi\u0142a Kaniewska, hat die neue Version der Magna Charta unterzeichnet. An der Tagung \u201eUniversities Engaging with Society in Turbulent Times\u201d, die in der italienischen Stadt Bologna stattfand, nahmen fast 200 Rektoren, Pr\u00e4sidenten und andere Hochschulvertreter teil. \u201eDie Konferenz drehte sich um eine Reihe von Themen, aber das vorherrschende Thema [&hellip;]<\/p>\n","protected":false},"author":6,"featured_media":241445,"comment_status":"closed","ping_status":"closed","sticky":false,"template":"","format":"standard","meta":[],"categories":[59],"tags":[],"_links":{"self":[{"href":"https:\/\/www.polishscience.pl\/de\/wp-json\/wp\/v2\/posts\/241601"}],"collection":[{"href":"https:\/\/www.polishscience.pl\/de\/wp-json\/wp\/v2\/posts"}],"about":[{"href":"https:\/\/www.polishscience.pl\/de\/wp-json\/wp\/v2\/types\/post"}],"author":[{"embeddable":true,"href":"https:\/\/www.polishscience.pl\/de\/wp-json\/wp\/v2\/users\/6"}],"replies":[{"embeddable":true,"href":"https:\/\/www.polishscience.pl\/de\/wp-json\/wp\/v2\/comments?post=241601"}],"version-history":[{"count":0,"href":"https:\/\/www.polishscience.pl\/de\/wp-json\/wp\/v2\/posts\/241601\/revisions"}],"wp:featuredmedia":[{"embeddable":true,"href":"https:\/\/www.polishscience.pl\/de\/wp-json\/wp\/v2\/media\/241445"}],"wp:attachment":[{"href":"https:\/\/www.polishscience.pl\/de\/wp-json\/wp\/v2\/media?parent=241601"}],"wp:term":[{"taxonomy":"category","embeddable":true,"href":"https:\/\/www.polishscience.pl\/de\/wp-json\/wp\/v2\/categories?post=241601"},{"taxonomy":"post_tag","embeddable":true,"href":"https:\/\/www.polishscience.pl\/de\/wp-json\/wp\/v2\/tags?post=241601"}],"curies":[{"name":"wp","href":"https:\/\/api.w.org\/{rel}","templated":true}]}}