{"id":241592,"date":"2022-09-28T16:08:08","date_gmt":"2022-09-28T14:08:08","guid":{"rendered":"https:\/\/polishscience.pl\/?p=241592"},"modified":"2022-09-28T16:08:08","modified_gmt":"2022-09-28T14:08:08","slug":"eroeffnung-des-zentrums-fuer-katholisch-juedische-beziehungen-an-der-katholischen-universitaet-lublin-in-kuerze","status":"publish","type":"post","link":"https:\/\/www.polishscience.pl\/de\/eroeffnung-des-zentrums-fuer-katholisch-juedische-beziehungen-an-der-katholischen-universitaet-lublin-in-kuerze\/","title":{"rendered":"Er\u00f6ffnung des Zentrums f\u00fcr katholisch-j\u00fcdische Beziehungen an der Katholischen Universit\u00e4t Lublin in K\u00fcrze"},"content":{"rendered":"<p><b>Akademische Forschung, Ver\u00f6ffentlichungen, internationale Symposien, Konferenzen, Debatten sowie kulturelle Veranstaltungen und der Aufbau von Beziehungen zwischen Studenten aus Polen und Israel \u2014 das sind die Hauptaufgaben des Abraham-J.-Heschel-Zentrums f\u00fcr katholisch-j\u00fcdische Beziehungen an der Katholischen Universit\u00e4t Lublin (KUL), das am 17. Oktober 2022 er\u00f6ffnet werden soll.\u00a0<\/b><\/p>\n<p><span style=\"font-weight: 400;\">Nach Angaben des Rektors der Katholischen Universit\u00e4t Lublin Johannes Paul II, Pfarrer Prof. Miros\u0142aw Kalinowski, werde seit einigen Monaten an der Einrichtung des Zentrums gearbeitet, das eine Einheit innerhalb der Struktur der Universit\u00e4t sein werde.\u00a0<\/span><\/p>\n<p><span style=\"font-weight: 400;\">\u201eNeben wissenschaftlichen Aktivit\u00e4ten und Forschungsarbeiten zu Geschichte, Kultur, gemeinsamem Erbe und interreligi\u00f6sem Dialog planen wir auch soziokulturelle Projekte.\u00a0Ein strategisches Thema ist die Einbeziehung junger Menschen aus Polen und Israel, gegenseitige Besuche und Veranstaltungen mit ihrer Beteiligung.\u00a0Wir wollen, dass diese T\u00e4tigkeit im Internet weit verbreitet ist\u201d, sagte Pfarrer Prof. Kalinowski.<\/span><\/p>\n","protected":false},"excerpt":{"rendered":"<p>Akademische Forschung, Ver\u00f6ffentlichungen, internationale Symposien, Konferenzen, Debatten sowie kulturelle Veranstaltungen und der Aufbau von Beziehungen zwischen Studenten aus Polen und Israel \u2014 das sind die Hauptaufgaben des Abraham-J.-Heschel-Zentrums f\u00fcr katholisch-j\u00fcdische Beziehungen an der Katholischen Universit\u00e4t Lublin (KUL), das am 17. Oktober 2022 er\u00f6ffnet werden soll.\u00a0 Nach Angaben des Rektors der Katholischen Universit\u00e4t Lublin Johannes Paul [&hellip;]<\/p>\n","protected":false},"author":6,"featured_media":241435,"comment_status":"closed","ping_status":"closed","sticky":false,"template":"","format":"standard","meta":[],"categories":[59],"tags":[],"_links":{"self":[{"href":"https:\/\/www.polishscience.pl\/de\/wp-json\/wp\/v2\/posts\/241592"}],"collection":[{"href":"https:\/\/www.polishscience.pl\/de\/wp-json\/wp\/v2\/posts"}],"about":[{"href":"https:\/\/www.polishscience.pl\/de\/wp-json\/wp\/v2\/types\/post"}],"author":[{"embeddable":true,"href":"https:\/\/www.polishscience.pl\/de\/wp-json\/wp\/v2\/users\/6"}],"replies":[{"embeddable":true,"href":"https:\/\/www.polishscience.pl\/de\/wp-json\/wp\/v2\/comments?post=241592"}],"version-history":[{"count":0,"href":"https:\/\/www.polishscience.pl\/de\/wp-json\/wp\/v2\/posts\/241592\/revisions"}],"wp:featuredmedia":[{"embeddable":true,"href":"https:\/\/www.polishscience.pl\/de\/wp-json\/wp\/v2\/media\/241435"}],"wp:attachment":[{"href":"https:\/\/www.polishscience.pl\/de\/wp-json\/wp\/v2\/media?parent=241592"}],"wp:term":[{"taxonomy":"category","embeddable":true,"href":"https:\/\/www.polishscience.pl\/de\/wp-json\/wp\/v2\/categories?post=241592"},{"taxonomy":"post_tag","embeddable":true,"href":"https:\/\/www.polishscience.pl\/de\/wp-json\/wp\/v2\/tags?post=241592"}],"curies":[{"name":"wp","href":"https:\/\/api.w.org\/{rel}","templated":true}]}}