{"id":232218,"date":"2022-08-04T15:11:29","date_gmt":"2022-08-04T13:11:29","guid":{"rendered":"https:\/\/polishscience.pl\/?p=232218"},"modified":"2022-08-04T15:11:29","modified_gmt":"2022-08-04T13:11:29","slug":"akademie-fuer-koerperkultur-poznan-mit-der-kategorie-a-in-der-disziplin-der-koerperkulturwissenschaften","status":"publish","type":"post","link":"https:\/\/www.polishscience.pl\/de\/akademie-fuer-koerperkultur-poznan-mit-der-kategorie-a-in-der-disziplin-der-koerperkulturwissenschaften\/","title":{"rendered":"Akademie f\u00fcr K\u00f6rperkultur Pozna\u0144 mit der Kategorie A in der Disziplin der K\u00f6rperkulturwissenschaften"},"content":{"rendered":"<p><b>Der Minister f\u00fcr Bildung und Wissenschaft hat der Akademie f\u00fcr K\u00f6rperkultur (AWF) Pozna\u0144 die wissenschaftliche Kategorie A in der Disziplin der K\u00f6rperkulturwissenschaften gew\u00e4hrt. Dies zeige die Wertsch\u00e4tzung des hohen Niveaus der wissenschaftlichen und publizistischen Aktivit\u00e4ten und die Effektivit\u00e4t der Bewerbung um wissenschaftliche F\u00f6rderungen in nationalen und internationalen Ausschreibungen, berichtet die Universit\u00e4t.\u00a0<\/b><\/p>\n<p>\u201eIch m\u00f6chte mich bei allen Mitarbeitern, die mit ihrer Arbeit, ihren Forschungen, Ver\u00f6ffentlichungen und Umsetzungen zu diesem Ergebnis beigetragen haben, ganz herzlich bedanken. Wir streben nat\u00fcrlich die Kategorie A+ an, aber wir sind auch mit der Kategorie A sehr zufrieden\u201d, sagte der Rektor der Akademie, Dr. habil. Dariusz Wieli\u0144ski, Univ.-Prof.<\/p>\n<p>Im Rahmen der alle vier Jahre stattfindenden Evaluierung von Universit\u00e4ten und wissenschaftlichen Instituten vergibt das Ministerium f\u00fcr Bildung und Wissenschaft wissenschaftliche Kategorien in den einzelnen Wissenschaftsdisziplinen, die sich auf die H\u00f6he der Subventionen, die M\u00f6glichkeit der Verleihung von akademischen Graden und die Durchf\u00fchrung von Studien mit einem allgemeinakademischen Profil auswirken.<\/p>\n<p>Mehr: <a href=\"https:\/\/www.awf.poznan.pl\/pl\/lista-aktualnosci\/newsy-2022\/7684-nasza-akademia-z-kategoria-a-w-dyscyplinie-nauki-o-kulturze-fizycznej\">https:\/\/www.awf.poznan.pl\/pl\/lista-aktualnosci\/newsy-2022\/7684-nasza-akademia-z-kategoria-a-w-dyscyplinie-nauki-o-kulturze-fizycznej<\/a><\/p>\n<p>&nbsp;<\/p>\n","protected":false},"excerpt":{"rendered":"<p>Der Minister f\u00fcr Bildung und Wissenschaft hat der Akademie f\u00fcr K\u00f6rperkultur (AWF) Pozna\u0144 die wissenschaftliche Kategorie A in der Disziplin der K\u00f6rperkulturwissenschaften gew\u00e4hrt. Dies zeige die Wertsch\u00e4tzung des hohen Niveaus der wissenschaftlichen und publizistischen Aktivit\u00e4ten und die Effektivit\u00e4t der Bewerbung um wissenschaftliche F\u00f6rderungen in nationalen und internationalen Ausschreibungen, berichtet die Universit\u00e4t.\u00a0 \u201eIch m\u00f6chte mich bei [&hellip;]<\/p>\n","protected":false},"author":6,"featured_media":232062,"comment_status":"closed","ping_status":"closed","sticky":false,"template":"","format":"standard","meta":[],"categories":[59],"tags":[],"_links":{"self":[{"href":"https:\/\/www.polishscience.pl\/de\/wp-json\/wp\/v2\/posts\/232218"}],"collection":[{"href":"https:\/\/www.polishscience.pl\/de\/wp-json\/wp\/v2\/posts"}],"about":[{"href":"https:\/\/www.polishscience.pl\/de\/wp-json\/wp\/v2\/types\/post"}],"author":[{"embeddable":true,"href":"https:\/\/www.polishscience.pl\/de\/wp-json\/wp\/v2\/users\/6"}],"replies":[{"embeddable":true,"href":"https:\/\/www.polishscience.pl\/de\/wp-json\/wp\/v2\/comments?post=232218"}],"version-history":[{"count":0,"href":"https:\/\/www.polishscience.pl\/de\/wp-json\/wp\/v2\/posts\/232218\/revisions"}],"wp:featuredmedia":[{"embeddable":true,"href":"https:\/\/www.polishscience.pl\/de\/wp-json\/wp\/v2\/media\/232062"}],"wp:attachment":[{"href":"https:\/\/www.polishscience.pl\/de\/wp-json\/wp\/v2\/media?parent=232218"}],"wp:term":[{"taxonomy":"category","embeddable":true,"href":"https:\/\/www.polishscience.pl\/de\/wp-json\/wp\/v2\/categories?post=232218"},{"taxonomy":"post_tag","embeddable":true,"href":"https:\/\/www.polishscience.pl\/de\/wp-json\/wp\/v2\/tags?post=232218"}],"curies":[{"name":"wp","href":"https:\/\/api.w.org\/{rel}","templated":true}]}}