{"id":189735,"date":"2021-08-10T14:35:14","date_gmt":"2021-08-10T12:35:14","guid":{"rendered":"https:\/\/polishscience.pl\/?p=189735"},"modified":"2021-08-10T14:35:14","modified_gmt":"2021-08-10T12:35:14","slug":"wissenschaftliche-konferenz-zum-950-jahrestag-der-gruendung-von-kielce","status":"publish","type":"post","link":"https:\/\/www.polishscience.pl\/de\/wissenschaftliche-konferenz-zum-950-jahrestag-der-gruendung-von-kielce\/","title":{"rendered":"Wissenschaftliche Konferenz zum 950. Jahrestag der Gr\u00fcndung von Kielce"},"content":{"rendered":"<p><b>Das Museum f\u00fcr die Geschichte von Kielce organisiert in Zusammenarbeit mit dem Institut f\u00fcr Geschichte der Jan-Kochanowski-Universit\u00e4t Kielce und der Fakult\u00e4t f\u00fcr Geschichte der Adam-Mickiewicz-Universit\u00e4t Posen eine Konferenz anl\u00e4sslich des 950. Jahrestag der Gr\u00fcndung von Kielce.<\/b><\/p>\n<p>Die Organisatoren betonen, dass dieses Jubil\u00e4um, obwohl es in akademischen Kreisen diskutiert wird, an die Tradition der vorangegangenen Jubil\u00e4umsfeierlichkeiten zur Gr\u00fcndung der Stadt im Jahr 1971, die damals unter dem Motto \u201eNeun Jahrhunderte von Kielce\u201d gefeiert wurden, ankn\u00fcpft.<\/p>\n<p>Die Veranstaltung wird am 14. und 15. Oktober 2021 stattfinden. Entsprechend ihrem Titel wird die Konferenz die neuesten Erkenntnisse und Forschungen zur Entstehung und Entwicklung der Stadt in ihren fr\u00fchesten mittelalterlichen und neuzeitlichen Urspr\u00fcngen vorstellen.<\/p>\n<p>Diese Fragen werden von einem interdisziplin\u00e4ren Team von Referenten: Arch\u00e4ologen, Historikern, Kunsthistorikern, Archivaren und Bibliothekswissenschaftlern, die verschiedene Forschungszentren Polens vertreten, er\u00f6rtert.<span class=\"Apple-converted-space\">\u00a0<\/span><\/p>\n","protected":false},"excerpt":{"rendered":"<p>Das Museum f\u00fcr die Geschichte von Kielce organisiert in Zusammenarbeit mit dem Institut f\u00fcr Geschichte der Jan-Kochanowski-Universit\u00e4t Kielce und der Fakult\u00e4t f\u00fcr Geschichte der Adam-Mickiewicz-Universit\u00e4t Posen eine Konferenz anl\u00e4sslich des 950. Jahrestag der Gr\u00fcndung von Kielce. Die Organisatoren betonen, dass dieses Jubil\u00e4um, obwohl es in akademischen Kreisen diskutiert wird, an die Tradition der vorangegangenen Jubil\u00e4umsfeierlichkeiten [&hellip;]<\/p>\n","protected":false},"author":9,"featured_media":0,"comment_status":"closed","ping_status":"closed","sticky":false,"template":"","format":"standard","meta":[],"categories":[61,65],"tags":[],"_links":{"self":[{"href":"https:\/\/www.polishscience.pl\/de\/wp-json\/wp\/v2\/posts\/189735"}],"collection":[{"href":"https:\/\/www.polishscience.pl\/de\/wp-json\/wp\/v2\/posts"}],"about":[{"href":"https:\/\/www.polishscience.pl\/de\/wp-json\/wp\/v2\/types\/post"}],"author":[{"embeddable":true,"href":"https:\/\/www.polishscience.pl\/de\/wp-json\/wp\/v2\/users\/9"}],"replies":[{"embeddable":true,"href":"https:\/\/www.polishscience.pl\/de\/wp-json\/wp\/v2\/comments?post=189735"}],"version-history":[{"count":0,"href":"https:\/\/www.polishscience.pl\/de\/wp-json\/wp\/v2\/posts\/189735\/revisions"}],"wp:attachment":[{"href":"https:\/\/www.polishscience.pl\/de\/wp-json\/wp\/v2\/media?parent=189735"}],"wp:term":[{"taxonomy":"category","embeddable":true,"href":"https:\/\/www.polishscience.pl\/de\/wp-json\/wp\/v2\/categories?post=189735"},{"taxonomy":"post_tag","embeddable":true,"href":"https:\/\/www.polishscience.pl\/de\/wp-json\/wp\/v2\/tags?post=189735"}],"curies":[{"name":"wp","href":"https:\/\/api.w.org\/{rel}","templated":true}]}}