{"id":176522,"date":"2021-04-27T15:57:49","date_gmt":"2021-04-27T13:57:49","guid":{"rendered":"https:\/\/polishscience.pl\/?p=176522"},"modified":"2021-04-27T15:57:49","modified_gmt":"2021-04-27T13:57:49","slug":"wettbewerb-kardinal-stefan-wyszynski-an-unternehmer-also-wie-man-gott-und-der-heimat-durch-die-fuehrung-eines-unternehmen-dienen-kann","status":"publish","type":"post","link":"https:\/\/www.polishscience.pl\/de\/wettbewerb-kardinal-stefan-wyszynski-an-unternehmer-also-wie-man-gott-und-der-heimat-durch-die-fuehrung-eines-unternehmen-dienen-kann\/","title":{"rendered":"Wettbewerb \u201eKardinal Stefan Wyszy\u0144ski an Unternehmer, also wie man Gott und der Heimat durch die F\u00fchrung eines Unternehmen dienen kann\u201d"},"content":{"rendered":"<p><b>Im Rahmen der Feierlichkeiten anl\u00e4sslich des vom polnischen Sejm und Senat erkl\u00e4rten Jahr des Kardinals Stefan Wyszy\u0144ski, l\u00e4dt die studentische Forschungsgruppe f\u00fcr Unternehmensentwicklung der Katholischen Universit\u00e4t Lublin (KUL) die Sch\u00fcler der Sekundarstufe zur Teilnahme am Wettbewerb &#8222;Kardinal Stefan Wyszy\u0144ski an Unternehmer, oder wie man Gott und der Heimat durch die F\u00fchrung eines Unternehmens dienen kann&#8220; ein.\u00a0<\/b><\/p>\n<p>Ziel des Wettbewerbs, der unter der Schirmherrschaft der katholischen Wochenzeitung \u201eNiedziela\u201d stattfindet, ist es, das Interesse der Sekundarsch\u00fcler f\u00fcr die Lehre von Kardinal Stefan Wyszy\u0144ski zu wecken und die wirtschaftliche T\u00e4tigkeit, die auf Achtung christlicher Werte basiert, zu f\u00f6rdern.<\/p>\n<p>Die Aufgabe der Teilnehmer ist es, einen Aufsatz oder einen Kurzfilm vorzubereiten, der der Lehre von Primas Kardinal Wyszy\u0144ski gewidmet ist und die F\u00fchrung eines Unternehmens im Licht des Glaubens betrifft.<\/p>\n<p>Der Einsendeschluss f\u00fcr die Wettbewerbsbeitr\u00e4ge ist der 6. Mai 2021.<\/p>\n<p>Mehr: <a href=\"https:\/\/pdfhost.io\/v\/7OKDuYud0_Regulamin_konkursupdf.pdf\">https:\/\/pdfhost.io\/v\/7OKDuYud0_Regulamin_konkursupdf.pdf<\/a><\/p>\n","protected":false},"excerpt":{"rendered":"<p>Im Rahmen der Feierlichkeiten anl\u00e4sslich des vom polnischen Sejm und Senat erkl\u00e4rten Jahr des Kardinals Stefan Wyszy\u0144ski, l\u00e4dt die studentische Forschungsgruppe f\u00fcr Unternehmensentwicklung der Katholischen Universit\u00e4t Lublin (KUL) die Sch\u00fcler der Sekundarstufe zur Teilnahme am Wettbewerb &#8222;Kardinal Stefan Wyszy\u0144ski an Unternehmer, oder wie man Gott und der Heimat durch die F\u00fchrung eines Unternehmens dienen kann&#8220; [&hellip;]<\/p>\n","protected":false},"author":9,"featured_media":0,"comment_status":"closed","ping_status":"closed","sticky":false,"template":"","format":"standard","meta":[],"categories":[65],"tags":[],"_links":{"self":[{"href":"https:\/\/www.polishscience.pl\/de\/wp-json\/wp\/v2\/posts\/176522"}],"collection":[{"href":"https:\/\/www.polishscience.pl\/de\/wp-json\/wp\/v2\/posts"}],"about":[{"href":"https:\/\/www.polishscience.pl\/de\/wp-json\/wp\/v2\/types\/post"}],"author":[{"embeddable":true,"href":"https:\/\/www.polishscience.pl\/de\/wp-json\/wp\/v2\/users\/9"}],"replies":[{"embeddable":true,"href":"https:\/\/www.polishscience.pl\/de\/wp-json\/wp\/v2\/comments?post=176522"}],"version-history":[{"count":0,"href":"https:\/\/www.polishscience.pl\/de\/wp-json\/wp\/v2\/posts\/176522\/revisions"}],"wp:attachment":[{"href":"https:\/\/www.polishscience.pl\/de\/wp-json\/wp\/v2\/media?parent=176522"}],"wp:term":[{"taxonomy":"category","embeddable":true,"href":"https:\/\/www.polishscience.pl\/de\/wp-json\/wp\/v2\/categories?post=176522"},{"taxonomy":"post_tag","embeddable":true,"href":"https:\/\/www.polishscience.pl\/de\/wp-json\/wp\/v2\/tags?post=176522"}],"curies":[{"name":"wp","href":"https:\/\/api.w.org\/{rel}","templated":true}]}}