{"id":170524,"date":"2021-03-10T14:48:24","date_gmt":"2021-03-10T13:48:24","guid":{"rendered":"https:\/\/polishscience.pl\/?p=170524"},"modified":"2021-03-10T15:48:42","modified_gmt":"2021-03-10T14:48:42","slug":"debatte-ist-es-moeglich-in-der-welt-der-kuenstlichen-intelligenz-frei-und-verantwortlich-zu-sein","status":"publish","type":"post","link":"https:\/\/www.polishscience.pl\/de\/debatte-ist-es-moeglich-in-der-welt-der-kuenstlichen-intelligenz-frei-und-verantwortlich-zu-sein\/","title":{"rendered":"Debatte \u201eIst es m\u00f6glich, in der Welt der k\u00fcnstlichen Intelligenz frei und verantwortlich zu sein?\u201d"},"content":{"rendered":"<p><b>Am 11. M\u00e4rz (Donnerstag) um 19 Uhr wird eine Online-Debatte im Rahmen der Reihe &#8222;Pro Tempore. Dialog der Wissenschaften\u201d stattfinden. Die Tagung mit dem Titel \u201eIst es m\u00f6glich, in der Welt der k\u00fcnstlichen Intelligenz frei und verantwortlich zu sein?\u201d wird von der Katholischen Akademie Warschau und dem Komitee f\u00fcr Theologische Wissenschaften der Polnischen Akademie der Wissenschaften (PAN) organisiert.<\/b><\/p>\n<p>Wie Pfarrer Prof. Krzysztof Pawlina, der Vorsitzende des Komitees f\u00fcr Theologische Wissenschaften der Polnischen Akademie der Wissenschaften und Initiator der Diskussionsreihe, gegen\u00fcber der Katholischen Informationsagentur erkl\u00e4rte, wird uns immer mehr bewusst, dass die Barriere zwischen Mensch und Maschine verschwindet.<\/p>\n<p>Es stellt sich die Frage, welche Rolle die k\u00fcnstliche Intelligenz in unserem Leben spielen wird, ob sie den Menschen beherrschen wird, wer Gut und B\u00f6se definieren wird, oder ob wir noch frei und bewusst genug sein werden, oder ob Maschinen vielleicht Sklaven aus uns machen werden? \u2014 wundert sich Prof. Pawlina und weist darauf hin, dass schon heute unsere kleinen Computer unseren Tag planen, uns an Eink\u00e4ufe, Termine erinnern, unseren Gesundheitszustand \u00fcberpr\u00fcfen k\u00f6nnen. Bis jetzt haben sie uns nur gemahnt, aber werden sie nicht eines Tages anfangen zu fordern?<\/p>\n<p>Eine solche Debatte, auch theologische und humanistische, ist heute sehr wichtig, weil wir das Wesen der menschlichen Freiheit und W\u00fcrde ber\u00fchren \u2014 erkl\u00e4rt Pf. Prof. Pawlina.<\/p>\n","protected":false},"excerpt":{"rendered":"<p>Am 11. M\u00e4rz (Donnerstag) um 19 Uhr wird eine Online-Debatte im Rahmen der Reihe &#8222;Pro Tempore. Dialog der Wissenschaften\u201d stattfinden. Die Tagung mit dem Titel \u201eIst es m\u00f6glich, in der Welt der k\u00fcnstlichen Intelligenz frei und verantwortlich zu sein?\u201d wird von der Katholischen Akademie Warschau und dem Komitee f\u00fcr Theologische Wissenschaften der Polnischen Akademie der [&hellip;]<\/p>\n","protected":false},"author":9,"featured_media":0,"comment_status":"closed","ping_status":"closed","sticky":false,"template":"","format":"standard","meta":[],"categories":[61,65],"tags":[],"_links":{"self":[{"href":"https:\/\/www.polishscience.pl\/de\/wp-json\/wp\/v2\/posts\/170524"}],"collection":[{"href":"https:\/\/www.polishscience.pl\/de\/wp-json\/wp\/v2\/posts"}],"about":[{"href":"https:\/\/www.polishscience.pl\/de\/wp-json\/wp\/v2\/types\/post"}],"author":[{"embeddable":true,"href":"https:\/\/www.polishscience.pl\/de\/wp-json\/wp\/v2\/users\/9"}],"replies":[{"embeddable":true,"href":"https:\/\/www.polishscience.pl\/de\/wp-json\/wp\/v2\/comments?post=170524"}],"version-history":[{"count":0,"href":"https:\/\/www.polishscience.pl\/de\/wp-json\/wp\/v2\/posts\/170524\/revisions"}],"wp:attachment":[{"href":"https:\/\/www.polishscience.pl\/de\/wp-json\/wp\/v2\/media?parent=170524"}],"wp:term":[{"taxonomy":"category","embeddable":true,"href":"https:\/\/www.polishscience.pl\/de\/wp-json\/wp\/v2\/categories?post=170524"},{"taxonomy":"post_tag","embeddable":true,"href":"https:\/\/www.polishscience.pl\/de\/wp-json\/wp\/v2\/tags?post=170524"}],"curies":[{"name":"wp","href":"https:\/\/api.w.org\/{rel}","templated":true}]}}