{"id":169980,"date":"2021-03-04T15:08:55","date_gmt":"2021-03-04T14:08:55","guid":{"rendered":"https:\/\/polishscience.pl\/?p=169980"},"modified":"2021-03-05T15:09:30","modified_gmt":"2021-03-05T14:09:30","slug":"3-kognitionsforum-bialystok","status":"publish","type":"post","link":"https:\/\/www.polishscience.pl\/de\/3-kognitionsforum-bialystok\/","title":{"rendered":"3. Kognitionsforum Bia\u0142ystok"},"content":{"rendered":"<p><b>Die Beziehung zwischen bewussten und unbewussten kognitiven Prozessen, kognitive Prozesse, die in Zust\u00e4nden gest\u00f6rten Bewusstseins und w\u00e4hrend des Schlafes auftreten, das Problem des Bewusstseins im Zusammenhang mit der Forschung \u00fcber k\u00fcnstliche Intelligenz \u2014 das sind einige der Themen, die in der Tagesordnung des 3. Kognitionsforums Bia\u0142ystok, die am 5. und 6. M\u00e4rz 2021 vom Institut f\u00fcr Philosophie der Universit\u00e4t Bia\u0142ystok (UwB) und von der akademischen Forschungsgruppe f\u00fcr Kognitionswissenschaft dieser Universit\u00e4t organisiert wird.<\/b><\/p>\n<p>W\u00e4hrend des Forums werden geladene G\u00e4ste Vortr\u00e4ge halten. Prof. Dr. habil. Napoleon Waszkiewicz (Medizinische Universit\u00e4t Bia\u0142ystok) wird \u00fcber das kognitive Delirium sprechen. Der Psychologe Dr. Piotr Markiewicz (Universit\u00e4t Ermland-Masuren Olsztyn) wird \u00fcber latente kognitive Prozesse sprechen, die w\u00e4hrend des Schlafes stattfinden.<\/p>\n<p>Dr. Mira Marcin\u00f3w (Zentrum f\u00fcr psychoanalytisches Denken, Institut f\u00fcr Philologie der Polnischen Akademie der Wissenschaften) wird \u00fcber Hysterie im Kontext neuer Forschungen zu unbewussten kognitiven Prozesse sprechen. Dr. Magdalena Reuter (P\u00e4dagogische Universit\u00e4t Krakau) hingegen wird sich mit der ph\u00e4nomenologischen Befragung in der kognitionswissenschaftlichen Forschung besch\u00e4ftigen.<\/p>\n","protected":false},"excerpt":{"rendered":"<p>Die Beziehung zwischen bewussten und unbewussten kognitiven Prozessen, kognitive Prozesse, die in Zust\u00e4nden gest\u00f6rten Bewusstseins und w\u00e4hrend des Schlafes auftreten, das Problem des Bewusstseins im Zusammenhang mit der Forschung \u00fcber k\u00fcnstliche Intelligenz \u2014 das sind einige der Themen, die in der Tagesordnung des 3. Kognitionsforums Bia\u0142ystok, die am 5. und 6. M\u00e4rz 2021 vom Institut [&hellip;]<\/p>\n","protected":false},"author":9,"featured_media":0,"comment_status":"closed","ping_status":"closed","sticky":false,"template":"","format":"standard","meta":[],"categories":[65],"tags":[],"_links":{"self":[{"href":"https:\/\/www.polishscience.pl\/de\/wp-json\/wp\/v2\/posts\/169980"}],"collection":[{"href":"https:\/\/www.polishscience.pl\/de\/wp-json\/wp\/v2\/posts"}],"about":[{"href":"https:\/\/www.polishscience.pl\/de\/wp-json\/wp\/v2\/types\/post"}],"author":[{"embeddable":true,"href":"https:\/\/www.polishscience.pl\/de\/wp-json\/wp\/v2\/users\/9"}],"replies":[{"embeddable":true,"href":"https:\/\/www.polishscience.pl\/de\/wp-json\/wp\/v2\/comments?post=169980"}],"version-history":[{"count":0,"href":"https:\/\/www.polishscience.pl\/de\/wp-json\/wp\/v2\/posts\/169980\/revisions"}],"wp:attachment":[{"href":"https:\/\/www.polishscience.pl\/de\/wp-json\/wp\/v2\/media?parent=169980"}],"wp:term":[{"taxonomy":"category","embeddable":true,"href":"https:\/\/www.polishscience.pl\/de\/wp-json\/wp\/v2\/categories?post=169980"},{"taxonomy":"post_tag","embeddable":true,"href":"https:\/\/www.polishscience.pl\/de\/wp-json\/wp\/v2\/tags?post=169980"}],"curies":[{"name":"wp","href":"https:\/\/api.w.org\/{rel}","templated":true}]}}