{"id":169171,"date":"2021-02-26T15:42:49","date_gmt":"2021-02-26T14:42:49","guid":{"rendered":"https:\/\/polishscience.pl\/?p=169171"},"modified":"2021-03-01T15:43:14","modified_gmt":"2021-03-01T14:43:14","slug":"konferenz-ueber-wissenschaftlichen-errungenschaften-von-erzbischof-jozef-zycinski","status":"publish","type":"post","link":"https:\/\/www.polishscience.pl\/de\/konferenz-ueber-wissenschaftlichen-errungenschaften-von-erzbischof-jozef-zycinski\/","title":{"rendered":"Konferenz \u00fcber wissenschaftlichen Errungenschaften von Erzbischof J\u00f3zef \u017byci\u0144ski"},"content":{"rendered":"<p><b>Philosophische und wissenschaftliche Errungenschaften von Erzbischof J\u00f3zef \u017byci\u0144ski waren das Thema einer Online-Konferenz, die von der Katholischen Universit\u00e4t Lublin (KUL) am 24. Februar organisiert wurde.\u00a0<\/b><\/p>\n<p>Erzbischof J\u00f3zef \u017byci\u0144ski leitete von 1997 bis zu seinem Tod am 10. Februar 2011 den Lehrstuhl f\u00fcr das Verh\u00e4ltnis von Wissenschaft und Glaube an der Katholischen Universit\u00e4t Lublin.\u00a0Zugleich bekleidete er das Amt des Metropoliten von Lublin und das Amt des Gro\u00dfkanzlers der Katholischen Universit\u00e4t Lublin.<\/p>\n<p>Die Analyse des Nachlasses des Professors der Fakult\u00e4t f\u00fcr Philosophie der Katholischen Universit\u00e4t Lublin wurde von Dozenten verschiedener Universit\u00e4ten vorgenommen. Die Referenten besch\u00e4ftigten sich in ihren Vortr\u00e4gen mit Themen wie \u201eGott und Mathematik\u201d oder \u201ePhilosophie aus der Sicht von J\u00f3zef \u017byci\u0144ski\u201d.<\/p>\n<p>Die Vortr\u00e4ge wurden gehalten von: Prof. Ryszard Kleszcz von der Universit\u00e4t \u0141\u00f3d\u017a, Prof. Piotr Gutowski von der Katholischen Universit\u00e4t Lublin, Prof. Anna Lema\u0144ska von der Kardinal-Stefan-Wyszy\u0144ski-Universit\u00e4t Warschau und Dr. Wojciech Kotowicz vom Hauptseminar der Erzdi\u00f6zese Ermland.<\/p>\n","protected":false},"excerpt":{"rendered":"<p>Philosophische und wissenschaftliche Errungenschaften von Erzbischof J\u00f3zef \u017byci\u0144ski waren das Thema einer Online-Konferenz, die von der Katholischen Universit\u00e4t Lublin (KUL) am 24. Februar organisiert wurde.\u00a0 Erzbischof J\u00f3zef \u017byci\u0144ski leitete von 1997 bis zu seinem Tod am 10. Februar 2011 den Lehrstuhl f\u00fcr das Verh\u00e4ltnis von Wissenschaft und Glaube an der Katholischen Universit\u00e4t Lublin.\u00a0Zugleich bekleidete er [&hellip;]<\/p>\n","protected":false},"author":9,"featured_media":0,"comment_status":"closed","ping_status":"closed","sticky":false,"template":"","format":"standard","meta":[],"categories":[61,65],"tags":[],"_links":{"self":[{"href":"https:\/\/www.polishscience.pl\/de\/wp-json\/wp\/v2\/posts\/169171"}],"collection":[{"href":"https:\/\/www.polishscience.pl\/de\/wp-json\/wp\/v2\/posts"}],"about":[{"href":"https:\/\/www.polishscience.pl\/de\/wp-json\/wp\/v2\/types\/post"}],"author":[{"embeddable":true,"href":"https:\/\/www.polishscience.pl\/de\/wp-json\/wp\/v2\/users\/9"}],"replies":[{"embeddable":true,"href":"https:\/\/www.polishscience.pl\/de\/wp-json\/wp\/v2\/comments?post=169171"}],"version-history":[{"count":0,"href":"https:\/\/www.polishscience.pl\/de\/wp-json\/wp\/v2\/posts\/169171\/revisions"}],"wp:attachment":[{"href":"https:\/\/www.polishscience.pl\/de\/wp-json\/wp\/v2\/media?parent=169171"}],"wp:term":[{"taxonomy":"category","embeddable":true,"href":"https:\/\/www.polishscience.pl\/de\/wp-json\/wp\/v2\/categories?post=169171"},{"taxonomy":"post_tag","embeddable":true,"href":"https:\/\/www.polishscience.pl\/de\/wp-json\/wp\/v2\/tags?post=169171"}],"curies":[{"name":"wp","href":"https:\/\/api.w.org\/{rel}","templated":true}]}}