{"id":168562,"date":"2021-02-23T13:34:09","date_gmt":"2021-02-23T12:34:09","guid":{"rendered":"https:\/\/polishscience.pl\/?p=168562"},"modified":"2021-02-24T13:34:38","modified_gmt":"2021-02-24T12:34:38","slug":"internationaler-kongress-fuer-geographen-ueber-lateinamerika","status":"publish","type":"post","link":"https:\/\/www.polishscience.pl\/de\/internationaler-kongress-fuer-geographen-ueber-lateinamerika\/","title":{"rendered":"Internationaler Kongress f\u00fcr Geographen \u00fcber Lateinamerika"},"content":{"rendered":"<p><b>Vom 17. bis 19. M\u00e4rz 2021 organisiert die Fakult\u00e4t f\u00fcr Geographie und Regionalstudien der Universit\u00e4t Warschau einen internationalen Kongress f\u00fcr Geographen zum Thema Lateinamerika, der aus dem 22. polnisch-mexikanischen Symposium und dem 3. polnisch-kolumbianischen Symposium besteht.<\/b><\/p>\n<p>W\u00e4hrend der Veranstaltung werden Forscher von der Fakult\u00e4t f\u00fcr Geographie und Regionalstudien der Universit\u00e4t Warschau sowie der Fakult\u00e4t f\u00fcr Geographie und der Fakult\u00e4t f\u00fcr Stadt- und Regionalplanung der Autonomen Universit\u00e4t von Mexiko, der Universit\u00e4t Manizales (Kolumbien) und anderen europ\u00e4ischen und lateinamerikanischen Zentren ihre wissenschaftlichen Erfahrungen teilen.<\/p>\n<p>Der Kongress soll sich auf das Thema \u201eLokale und regionale Herausforderungen im Kontext der Erreichung der nachhaltigen Entwicklungsziele\u201d konzentrieren.\u00a0Die Organisatoren sind davon \u00fcberzeugt, dass die Veranstaltung dazu beitragen wird, L\u00f6sungen f\u00fcr die mit der nachhaltigen Entwicklung in Lateinamerika verbundenen Probleme zu finden.<\/p>\n","protected":false},"excerpt":{"rendered":"<p>Vom 17. bis 19. M\u00e4rz 2021 organisiert die Fakult\u00e4t f\u00fcr Geographie und Regionalstudien der Universit\u00e4t Warschau einen internationalen Kongress f\u00fcr Geographen zum Thema Lateinamerika, der aus dem 22. polnisch-mexikanischen Symposium und dem 3. polnisch-kolumbianischen Symposium besteht. W\u00e4hrend der Veranstaltung werden Forscher von der Fakult\u00e4t f\u00fcr Geographie und Regionalstudien der Universit\u00e4t Warschau sowie der Fakult\u00e4t f\u00fcr [&hellip;]<\/p>\n","protected":false},"author":9,"featured_media":0,"comment_status":"closed","ping_status":"closed","sticky":false,"template":"","format":"standard","meta":[],"categories":[65],"tags":[],"_links":{"self":[{"href":"https:\/\/www.polishscience.pl\/de\/wp-json\/wp\/v2\/posts\/168562"}],"collection":[{"href":"https:\/\/www.polishscience.pl\/de\/wp-json\/wp\/v2\/posts"}],"about":[{"href":"https:\/\/www.polishscience.pl\/de\/wp-json\/wp\/v2\/types\/post"}],"author":[{"embeddable":true,"href":"https:\/\/www.polishscience.pl\/de\/wp-json\/wp\/v2\/users\/9"}],"replies":[{"embeddable":true,"href":"https:\/\/www.polishscience.pl\/de\/wp-json\/wp\/v2\/comments?post=168562"}],"version-history":[{"count":0,"href":"https:\/\/www.polishscience.pl\/de\/wp-json\/wp\/v2\/posts\/168562\/revisions"}],"wp:attachment":[{"href":"https:\/\/www.polishscience.pl\/de\/wp-json\/wp\/v2\/media?parent=168562"}],"wp:term":[{"taxonomy":"category","embeddable":true,"href":"https:\/\/www.polishscience.pl\/de\/wp-json\/wp\/v2\/categories?post=168562"},{"taxonomy":"post_tag","embeddable":true,"href":"https:\/\/www.polishscience.pl\/de\/wp-json\/wp\/v2\/tags?post=168562"}],"curies":[{"name":"wp","href":"https:\/\/api.w.org\/{rel}","templated":true}]}}