{"id":168306,"date":"2021-02-14T18:09:09","date_gmt":"2021-02-14T17:09:09","guid":{"rendered":"https:\/\/polishscience.pl\/?p=168306"},"modified":"2021-02-22T18:09:51","modified_gmt":"2021-02-22T17:09:51","slug":"internationale-wissenschaftliche-konferenz-soziale-aktivitaeten-fuer-gefangene-und-ihre-familien","status":"publish","type":"post","link":"https:\/\/www.polishscience.pl\/de\/internationale-wissenschaftliche-konferenz-soziale-aktivitaeten-fuer-gefangene-und-ihre-familien\/","title":{"rendered":"Internationale wissenschaftliche Konferenz \u201eSoziale Aktivit\u00e4ten f\u00fcr Gefangene und ihre Familien\u201d"},"content":{"rendered":"<p><b>Die Fakult\u00e4t f\u00fcr P\u00e4dagogische Wissenschaften der Kardinal-Stefan-Wyszy\u0144ski-Universit\u00e4t Warschau, die Hochschule f\u00fcr Kriminologie und Strafvollzug Warschau, die Abteilung f\u00fcr Resozialisierungspsychop\u00e4dagogik der Maria-Gzegorzewska-Akademie f\u00fcr Sonderp\u00e4dagogik Warschau und die Strafvollzugsvereinigung \u201ePatronat\u201d organisieren am 22. Februar eine internationale wissenschaftliche Konferenz \u201eSoziale Aktivit\u00e4ten f\u00fcr Gefangene und ihre Familien\u201d.\u00a0<\/b><\/p>\n<p>Das Thema der Unterst\u00fctzung f\u00fcr Menschen, die Strafvollzugsanstalten verlassen, und ihre Familien ist ein st\u00e4ndiges Objekt des Interesses f\u00fcr Forscher, die sich mit Resozialisierung besch\u00e4ftigen, aber auch f\u00fcr viele soziale Dienste, die sich mit der Unterst\u00fctzung dieser Menschen besch\u00e4ftigen \u2014 betonen die Organisatoren.<\/p>\n<p>Die Veranstaltung richtet sich an Kriminologen, Resozialisierungsp\u00e4dagogen, Psychologen, Soziologen, Bew\u00e4hrungshelfer, Sozialarbeiter und Vertreter anderer Disziplinen, die an den Themen der Konferenz interessiert sind.<\/p>\n<p>Die Intention der Konferenz ist es, einen Bereich gemeinsamer theoretischer und empirischer Aktivit\u00e4ten zu entwickeln, der in der Praxis Anwendung finden k\u00f6nnten.<\/p>\n","protected":false},"excerpt":{"rendered":"<p>Die Fakult\u00e4t f\u00fcr P\u00e4dagogische Wissenschaften der Kardinal-Stefan-Wyszy\u0144ski-Universit\u00e4t Warschau, die Hochschule f\u00fcr Kriminologie und Strafvollzug Warschau, die Abteilung f\u00fcr Resozialisierungspsychop\u00e4dagogik der Maria-Gzegorzewska-Akademie f\u00fcr Sonderp\u00e4dagogik Warschau und die Strafvollzugsvereinigung \u201ePatronat\u201d organisieren am 22. Februar eine internationale wissenschaftliche Konferenz \u201eSoziale Aktivit\u00e4ten f\u00fcr Gefangene und ihre Familien\u201d.\u00a0 Das Thema der Unterst\u00fctzung f\u00fcr Menschen, die Strafvollzugsanstalten verlassen, und ihre Familien [&hellip;]<\/p>\n","protected":false},"author":9,"featured_media":0,"comment_status":"closed","ping_status":"closed","sticky":false,"template":"","format":"standard","meta":[],"categories":[65],"tags":[],"_links":{"self":[{"href":"https:\/\/www.polishscience.pl\/de\/wp-json\/wp\/v2\/posts\/168306"}],"collection":[{"href":"https:\/\/www.polishscience.pl\/de\/wp-json\/wp\/v2\/posts"}],"about":[{"href":"https:\/\/www.polishscience.pl\/de\/wp-json\/wp\/v2\/types\/post"}],"author":[{"embeddable":true,"href":"https:\/\/www.polishscience.pl\/de\/wp-json\/wp\/v2\/users\/9"}],"replies":[{"embeddable":true,"href":"https:\/\/www.polishscience.pl\/de\/wp-json\/wp\/v2\/comments?post=168306"}],"version-history":[{"count":0,"href":"https:\/\/www.polishscience.pl\/de\/wp-json\/wp\/v2\/posts\/168306\/revisions"}],"wp:attachment":[{"href":"https:\/\/www.polishscience.pl\/de\/wp-json\/wp\/v2\/media?parent=168306"}],"wp:term":[{"taxonomy":"category","embeddable":true,"href":"https:\/\/www.polishscience.pl\/de\/wp-json\/wp\/v2\/categories?post=168306"},{"taxonomy":"post_tag","embeddable":true,"href":"https:\/\/www.polishscience.pl\/de\/wp-json\/wp\/v2\/tags?post=168306"}],"curies":[{"name":"wp","href":"https:\/\/api.w.org\/{rel}","templated":true}]}}