{"id":167996,"date":"2021-02-18T16:24:43","date_gmt":"2021-02-18T15:24:43","guid":{"rendered":"https:\/\/polishscience.pl\/?p=167996"},"modified":"2021-02-19T15:25:43","modified_gmt":"2021-02-19T14:25:43","slug":"20-jahrestag-des-krieges-gegen-den-terror-bilanz-und-aussichten-konferenz-in-breslau","status":"publish","type":"post","link":"https:\/\/www.polishscience.pl\/de\/20-jahrestag-des-krieges-gegen-den-terror-bilanz-und-aussichten-konferenz-in-breslau\/","title":{"rendered":"&#8222;20. Jahrestag des Krieges gegen den Terror \u2014 Bilanz und Aussichten\u201d \u2014 Konferenz in Breslau"},"content":{"rendered":"<p><b>Das Zentrum f\u00fcr Sicherheitsstudien und -bildung an der Universit\u00e4t Breslau und die Polnische Nationale Sicherheitsvereinigung laden zu einer Konferenz mit dem Titel \u201e20. Jahrestag des Krieges gegen den Terror \u2014 Bilanz und Aussichten\u201d, die am 10. September stattfinden wird, ein.<\/b><\/p>\n<p>Die Konferenz wird in Form von geschlossenen Expertenrunden abgehalten, an denen Vertreter der Botschaft der Vereinigten Staaten in Polen, Mitarbeiter, Offiziere und Soldaten der staatlichen Verwaltungsorgane und im Land anerkannte wissenschaftliche Authorit\u00e4ten teilnehmen werden. Die Veranstaltung steht unter der ehrenamtlichen Schirmherrschaft u.a. des Nationalen Sicherheitsb\u00fcros und des Sicherheitszentrums der Regierung \u2014 teilen die Organisatoren mit.<\/p>\n<p>Die Teilnehmer der Konferenz wollen die Folgen der Anschl\u00e4ge vom 11. September so umfassend wie m\u00f6glich analysieren, von den geopolitischen Auswirkungen \u00fcber die Entwicklung von Sicherheitssystemen, Methoden und Formen der Erkennung und Bek\u00e4mpfung terroristischer Bedrohungen bis hin zur Entwicklung unbemannter Plattformen und M\u00f6glichkeiten der medizinischen Versorgung von Opfern der Anschl\u00e4ge.<\/p>\n","protected":false},"excerpt":{"rendered":"<p>Das Zentrum f\u00fcr Sicherheitsstudien und -bildung an der Universit\u00e4t Breslau und die Polnische Nationale Sicherheitsvereinigung laden zu einer Konferenz mit dem Titel \u201e20. Jahrestag des Krieges gegen den Terror \u2014 Bilanz und Aussichten\u201d, die am 10. September stattfinden wird, ein. Die Konferenz wird in Form von geschlossenen Expertenrunden abgehalten, an denen Vertreter der Botschaft der [&hellip;]<\/p>\n","protected":false},"author":9,"featured_media":0,"comment_status":"closed","ping_status":"closed","sticky":false,"template":"","format":"standard","meta":[],"categories":[65],"tags":[],"_links":{"self":[{"href":"https:\/\/www.polishscience.pl\/de\/wp-json\/wp\/v2\/posts\/167996"}],"collection":[{"href":"https:\/\/www.polishscience.pl\/de\/wp-json\/wp\/v2\/posts"}],"about":[{"href":"https:\/\/www.polishscience.pl\/de\/wp-json\/wp\/v2\/types\/post"}],"author":[{"embeddable":true,"href":"https:\/\/www.polishscience.pl\/de\/wp-json\/wp\/v2\/users\/9"}],"replies":[{"embeddable":true,"href":"https:\/\/www.polishscience.pl\/de\/wp-json\/wp\/v2\/comments?post=167996"}],"version-history":[{"count":0,"href":"https:\/\/www.polishscience.pl\/de\/wp-json\/wp\/v2\/posts\/167996\/revisions"}],"wp:attachment":[{"href":"https:\/\/www.polishscience.pl\/de\/wp-json\/wp\/v2\/media?parent=167996"}],"wp:term":[{"taxonomy":"category","embeddable":true,"href":"https:\/\/www.polishscience.pl\/de\/wp-json\/wp\/v2\/categories?post=167996"},{"taxonomy":"post_tag","embeddable":true,"href":"https:\/\/www.polishscience.pl\/de\/wp-json\/wp\/v2\/tags?post=167996"}],"curies":[{"name":"wp","href":"https:\/\/api.w.org\/{rel}","templated":true}]}}