{"id":167990,"date":"2021-02-18T15:24:40","date_gmt":"2021-02-18T14:24:40","guid":{"rendered":"https:\/\/polishscience.pl\/?p=167990"},"modified":"2021-02-19T15:25:24","modified_gmt":"2021-02-19T14:25:24","slug":"seminar-akademische-freiheit-und-verantwortung","status":"publish","type":"post","link":"https:\/\/www.polishscience.pl\/de\/seminar-akademische-freiheit-und-verantwortung\/","title":{"rendered":"Seminar \u201eAkademische Freiheit und Verantwortung\u201d"},"content":{"rendered":"<p><b>Die Konferenz der Rektoren der akademischen Schulen in Polen (KRASP) l\u00e4dt zum Seminar ein, das dem \u201eFunktionieren der gesetzlichen und nicht gesetzlichen L\u00f6sungen, die die akademische Freiheit und Verantwortung der Hochschullehrer erh\u00f6hen\u201d gewidmet ist. Das Seminar findet am 26. Februar 2021 von 9.00 bis 15.00 Uhr in Online-Form statt.\u00a0<\/b><\/p>\n<p>Das Seminar beginnt mit \u00f6ffentlichen Einf\u00fchrungsvortr\u00e4gen, in denen Prof. Jerzy Wo\u017anicki und Prof. Ewa \u0141\u0119towska den institutionellen und rechtlichen Kontext des Hauptthemas der Konferenz vorstellen. Geschlossene thematische Panels dienen wiederum der Diskussion, sowie dem Austausch von bew\u00e4hrten Verfahren und Erfahrungen der Tagungsteilnehmer.<\/p>\n<p>Die Konferenz wurde aus der Initiative der KRASP-Kommission f\u00fcr Kommunikation und soziale Verantwortung organisiert. Sie wird von der SWPS Universit\u00e4t f\u00fcr Geistes- und Sozialwissenschaften mitorganisiert.<\/p>\n<p>Mehr: <a href=\"https:\/\/www.swps.pl\/wolnosc-i-odpowiedzialnosc-akademicka\">https:\/\/www.swps.pl\/wolnosc-i-odpowiedzialnosc-akademicka<\/a><\/p>\n","protected":false},"excerpt":{"rendered":"<p>Die Konferenz der Rektoren der akademischen Schulen in Polen (KRASP) l\u00e4dt zum Seminar ein, das dem \u201eFunktionieren der gesetzlichen und nicht gesetzlichen L\u00f6sungen, die die akademische Freiheit und Verantwortung der Hochschullehrer erh\u00f6hen\u201d gewidmet ist. Das Seminar findet am 26. Februar 2021 von 9.00 bis 15.00 Uhr in Online-Form statt.\u00a0 Das Seminar beginnt mit \u00f6ffentlichen Einf\u00fchrungsvortr\u00e4gen, [&hellip;]<\/p>\n","protected":false},"author":9,"featured_media":0,"comment_status":"closed","ping_status":"closed","sticky":false,"template":"","format":"standard","meta":[],"categories":[65],"tags":[],"_links":{"self":[{"href":"https:\/\/www.polishscience.pl\/de\/wp-json\/wp\/v2\/posts\/167990"}],"collection":[{"href":"https:\/\/www.polishscience.pl\/de\/wp-json\/wp\/v2\/posts"}],"about":[{"href":"https:\/\/www.polishscience.pl\/de\/wp-json\/wp\/v2\/types\/post"}],"author":[{"embeddable":true,"href":"https:\/\/www.polishscience.pl\/de\/wp-json\/wp\/v2\/users\/9"}],"replies":[{"embeddable":true,"href":"https:\/\/www.polishscience.pl\/de\/wp-json\/wp\/v2\/comments?post=167990"}],"version-history":[{"count":0,"href":"https:\/\/www.polishscience.pl\/de\/wp-json\/wp\/v2\/posts\/167990\/revisions"}],"wp:attachment":[{"href":"https:\/\/www.polishscience.pl\/de\/wp-json\/wp\/v2\/media?parent=167990"}],"wp:term":[{"taxonomy":"category","embeddable":true,"href":"https:\/\/www.polishscience.pl\/de\/wp-json\/wp\/v2\/categories?post=167990"},{"taxonomy":"post_tag","embeddable":true,"href":"https:\/\/www.polishscience.pl\/de\/wp-json\/wp\/v2\/tags?post=167990"}],"curies":[{"name":"wp","href":"https:\/\/api.w.org\/{rel}","templated":true}]}}