{"id":167421,"date":"2021-02-15T13:40:27","date_gmt":"2021-02-15T12:40:27","guid":{"rendered":"https:\/\/polishscience.pl\/?p=167421"},"modified":"2021-02-16T15:39:26","modified_gmt":"2021-02-16T14:39:26","slug":"akademie-fuer-unternehmertum-an-der-maria-sklodowska-curie-universitaet-lublin","status":"publish","type":"post","link":"https:\/\/www.polishscience.pl\/de\/akademie-fuer-unternehmertum-an-der-maria-sklodowska-curie-universitaet-lublin\/","title":{"rendered":"Akademie f\u00fcr Unternehmertum an der Maria-Sk\u0142odowska-Curie-Universit\u00e4t Lublin"},"content":{"rendered":"<p><b>Die diesj\u00e4hrige Auflage der von der Maria-Sk\u0142odowska-Curie-Universit\u00e4t Lublin organisierten Akademie f\u00fcr Unternehertum wird vom 4. M\u00e4rz bis zum 8. April 2021 stattfinden.<\/b><\/p>\n<p>Dieses innovative Programm zielt auf die Entwicklung von Kompetenzen sowie unternehmerischen Einstellungen und Verhaltensweisen ab \u2014 teilt Aneta Adamska, Pressesprecherin der Universit\u00e4t mit.<\/p>\n<p>Im Rahmen der Akademie werden Workshops durchgef\u00fchrt, die u.a. den Erwerb praktischen Wissens im Bereich des Unternehmertums, Entwicklung der Kompetenzen, die im den Schl\u00fcsselbereichen der Unternehmenst\u00e4tigkeit n\u00f6tig sind, das Kennenlernen des eigenen pers\u00f6nlichen Potenzials und der M\u00f6glichkeiten seiner Entwicklung, die Entwicklung von weichen Kompetenzen sowie den Aufbau eines Netzwerks n\u00fctzlicher Gesch\u00e4ftskontakte erm\u00f6glichen.<span class=\"Apple-converted-space\">\u00a0<\/span><\/p>\n<p>Die diesj\u00e4hrige Auflage der Akademie wird unter dem Motto \u201eUnternehmertum ist eine Frau\u201d stattfinden. Im Rahmen dieses Programms wird eine Reihe von 8 Webinaren organisiert, die zeigen sollten, dass die Entscheidung \u00fcber die Wahl des eigenen Wegs der beruflichen Entwicklung im Gesch\u00e4ftsbereich eine interessante Alternative auch f\u00fcr Frauen sein kann. <span class=\"Apple-converted-space\">\u00a0<\/span><\/p>\n<p>Mehr: <a href=\"https:\/\/www.umcs.pl\/pl\/harmonogram,20715.htm\">https:\/\/www.umcs.pl\/pl\/harmonogram,20715.htm<\/a><\/p>\n<p>&nbsp;<\/p>\n","protected":false},"excerpt":{"rendered":"<p>Die diesj\u00e4hrige Auflage der von der Maria-Sk\u0142odowska-Curie-Universit\u00e4t Lublin organisierten Akademie f\u00fcr Unternehertum wird vom 4. M\u00e4rz bis zum 8. April 2021 stattfinden. Dieses innovative Programm zielt auf die Entwicklung von Kompetenzen sowie unternehmerischen Einstellungen und Verhaltensweisen ab \u2014 teilt Aneta Adamska, Pressesprecherin der Universit\u00e4t mit. Im Rahmen der Akademie werden Workshops durchgef\u00fchrt, die u.a. den [&hellip;]<\/p>\n","protected":false},"author":9,"featured_media":0,"comment_status":"closed","ping_status":"closed","sticky":false,"template":"","format":"standard","meta":[],"categories":[59,64],"tags":[],"_links":{"self":[{"href":"https:\/\/www.polishscience.pl\/de\/wp-json\/wp\/v2\/posts\/167421"}],"collection":[{"href":"https:\/\/www.polishscience.pl\/de\/wp-json\/wp\/v2\/posts"}],"about":[{"href":"https:\/\/www.polishscience.pl\/de\/wp-json\/wp\/v2\/types\/post"}],"author":[{"embeddable":true,"href":"https:\/\/www.polishscience.pl\/de\/wp-json\/wp\/v2\/users\/9"}],"replies":[{"embeddable":true,"href":"https:\/\/www.polishscience.pl\/de\/wp-json\/wp\/v2\/comments?post=167421"}],"version-history":[{"count":0,"href":"https:\/\/www.polishscience.pl\/de\/wp-json\/wp\/v2\/posts\/167421\/revisions"}],"wp:attachment":[{"href":"https:\/\/www.polishscience.pl\/de\/wp-json\/wp\/v2\/media?parent=167421"}],"wp:term":[{"taxonomy":"category","embeddable":true,"href":"https:\/\/www.polishscience.pl\/de\/wp-json\/wp\/v2\/categories?post=167421"},{"taxonomy":"post_tag","embeddable":true,"href":"https:\/\/www.polishscience.pl\/de\/wp-json\/wp\/v2\/tags?post=167421"}],"curies":[{"name":"wp","href":"https:\/\/api.w.org\/{rel}","templated":true}]}}