{"id":165755,"date":"2021-02-05T15:08:30","date_gmt":"2021-02-05T14:08:30","guid":{"rendered":"https:\/\/polishscience.pl\/?p=165755"},"modified":"2021-02-08T10:10:02","modified_gmt":"2021-02-08T09:10:02","slug":"minister-czarnek-zu-besuch-in-der-warschauer-niederlassung-der-akademie-fuer-koerperkultur-biala-podlaska","status":"publish","type":"post","link":"https:\/\/www.polishscience.pl\/de\/minister-czarnek-zu-besuch-in-der-warschauer-niederlassung-der-akademie-fuer-koerperkultur-biala-podlaska\/","title":{"rendered":"Minister Czarnek zu Besuch in der Warschauer Niederlassung der Akademie f\u00fcr K\u00f6rperkultur Bia\u0142a Podlaska"},"content":{"rendered":"<p><b>In der Warschauer Niederlassung der Akademie f\u00fcr K\u00f6rperkultur(AWF) Bia\u0142a Podlaska fand ein Treffen von Vertretern der akademischen Gemeinschaft mit dem Bildungs- und Wissenschaftsminister Przemys\u0142aw Czarnek statt, bei dem man das Projekt zur Bek\u00e4mpfung von Fettleibigkeit bei Kindern im Grundschulalter er\u00f6ffnet hat.<\/b><\/p>\n<p>Der Chef des Wissenschaftsministeriums Przemys\u0142aw Czarnek sagte unter Bezugnahme auf die w\u00e4hrend des Treffens vorgestellten Forschungsergebnisse, dass &#8222;nur zwischen 2014 und 2018 die Zunahme des K\u00f6rpergewichts bei Kindern 2 Prozent betrug. Dies ist das schlechteste Ergebnis in Europa. Wir sind eine Gesellschaft, in der die jungen Menschen am schnellsten dick werden. Bestimmte Ma\u00dfnahmen m\u00fcssen aus diesem Grund hier und jetzt ergriffen werden \u2014 betonte Minister Czarnek.<\/p>\n<p>Er merkte auch an, dass zweifellos die Pandemie und der Fernunterricht das Problem versch\u00e4rft haben. Er erkl\u00e4rte, dass das gr\u00f6\u00dfte Problem mit Fettleibigkeit die M\u00e4dchen in den Klassen 1-3 haben.<\/p>\n<p>Wir wollen das Programm der Schulsportvereine, um Kinder zur Bewegung anzuregen, mit solchen Aktivit\u00e4ten erg\u00e4nzen, die das Problem der Fettleibigkeit am effektivsten bek\u00e4mpfen \u2014 sagte der Leiter des Wissenschaftsministeriums.<\/p>\n","protected":false},"excerpt":{"rendered":"<p>In der Warschauer Niederlassung der Akademie f\u00fcr K\u00f6rperkultur(AWF) Bia\u0142a Podlaska fand ein Treffen von Vertretern der akademischen Gemeinschaft mit dem Bildungs- und Wissenschaftsminister Przemys\u0142aw Czarnek statt, bei dem man das Projekt zur Bek\u00e4mpfung von Fettleibigkeit bei Kindern im Grundschulalter er\u00f6ffnet hat. Der Chef des Wissenschaftsministeriums Przemys\u0142aw Czarnek sagte unter Bezugnahme auf die w\u00e4hrend des Treffens [&hellip;]<\/p>\n","protected":false},"author":9,"featured_media":0,"comment_status":"closed","ping_status":"closed","sticky":false,"template":"","format":"standard","meta":[],"categories":[59],"tags":[],"_links":{"self":[{"href":"https:\/\/www.polishscience.pl\/de\/wp-json\/wp\/v2\/posts\/165755"}],"collection":[{"href":"https:\/\/www.polishscience.pl\/de\/wp-json\/wp\/v2\/posts"}],"about":[{"href":"https:\/\/www.polishscience.pl\/de\/wp-json\/wp\/v2\/types\/post"}],"author":[{"embeddable":true,"href":"https:\/\/www.polishscience.pl\/de\/wp-json\/wp\/v2\/users\/9"}],"replies":[{"embeddable":true,"href":"https:\/\/www.polishscience.pl\/de\/wp-json\/wp\/v2\/comments?post=165755"}],"version-history":[{"count":0,"href":"https:\/\/www.polishscience.pl\/de\/wp-json\/wp\/v2\/posts\/165755\/revisions"}],"wp:attachment":[{"href":"https:\/\/www.polishscience.pl\/de\/wp-json\/wp\/v2\/media?parent=165755"}],"wp:term":[{"taxonomy":"category","embeddable":true,"href":"https:\/\/www.polishscience.pl\/de\/wp-json\/wp\/v2\/categories?post=165755"},{"taxonomy":"post_tag","embeddable":true,"href":"https:\/\/www.polishscience.pl\/de\/wp-json\/wp\/v2\/tags?post=165755"}],"curies":[{"name":"wp","href":"https:\/\/api.w.org\/{rel}","templated":true}]}}