{"id":165050,"date":"2021-02-02T15:18:12","date_gmt":"2021-02-02T14:18:12","guid":{"rendered":"https:\/\/polishscience.pl\/?p=165050"},"modified":"2021-02-03T16:19:18","modified_gmt":"2021-02-03T15:19:18","slug":"die-technische-universitaet-oppeln-nimmt-die-zusammenarbeit-mit-dem-staatlichen-fonds-fuer-die-rehabilitation-von-behinderten-personen-auf","status":"publish","type":"post","link":"https:\/\/www.polishscience.pl\/de\/die-technische-universitaet-oppeln-nimmt-die-zusammenarbeit-mit-dem-staatlichen-fonds-fuer-die-rehabilitation-von-behinderten-personen-auf\/","title":{"rendered":"Die Technische Universit\u00e4t Oppeln nimmt die Zusammenarbeit mit dem Staatlichen Fonds f\u00fcr die Rehabilitation von Behinderten Personen auf"},"content":{"rendered":"<p><b>Die Technische Universit\u00e4t Oppeln hat einen Vertrag mit dem Staatlichen Fonds f\u00fcr die Rehabilitation von Behinderten Personen unterzeichnet. Das Dokument setzt u.a. die Ma\u00dfnahmen zur Aktivierung von Menschen mit Behinderungen, die Unterst\u00fctzung dieser Menschen bei der Umsetzung des Bildungsprozesses, die Organisation von gemeinsamen Schulungen und die Suche nach Finanzierungsquellen f\u00fcr Initiativen im Bereich der Bildung von Menschen mit Behinderungen voraus.\u00a0<\/b><\/p>\n<ul>\n<li>Die Zusammenarbeit mit Einrichtungen, insbesondere mit Universit\u00e4ten, ist f\u00fcr uns besonders wichtig. Ich hoffe, dass dies der Anfang von breiteren Aktivit\u00e4ten sein wird \u2014 sagt \u0141ukasz \u017bmuda, Direktor der Filiale des Fonds in Oppeln.<\/li>\n<\/ul>\n<p>Die unterzeichnete Vereinbarung ist nicht die erste Initiative der Fachhochschule f\u00fcr Personen mit Behinderungen. Im vergangenen Jahr richtete die Universit\u00e4t das Unterst\u00fctzungsb\u00fcro f\u00fcr Behinderte ein, beseitigte viele architektonische Barrieren, machte die Webseiten h\u00f6rbar und kaufte Induktionsschleifenanlagen, Bibliotheksscanner, motorisierte Rollst\u00fchle und Face Controller &#8211; einen Computer, der durch Mimik gesteuert wird.<\/p>\n<p>Mehr: <a href=\"https:\/\/wu.po.opole.pl\/politechnika-opolska-rozpoczyna-wspolprace-z-pfron\/\">https:\/\/wu.po.opole.pl\/politechnika-opolska-rozpoczyna-wspolprace-z-pfron\/<\/a><\/p>\n","protected":false},"excerpt":{"rendered":"<p>Die Technische Universit\u00e4t Oppeln hat einen Vertrag mit dem Staatlichen Fonds f\u00fcr die Rehabilitation von Behinderten Personen unterzeichnet. Das Dokument setzt u.a. die Ma\u00dfnahmen zur Aktivierung von Menschen mit Behinderungen, die Unterst\u00fctzung dieser Menschen bei der Umsetzung des Bildungsprozesses, die Organisation von gemeinsamen Schulungen und die Suche nach Finanzierungsquellen f\u00fcr Initiativen im Bereich der Bildung [&hellip;]<\/p>\n","protected":false},"author":9,"featured_media":0,"comment_status":"closed","ping_status":"closed","sticky":false,"template":"","format":"standard","meta":[],"categories":[59],"tags":[],"_links":{"self":[{"href":"https:\/\/www.polishscience.pl\/de\/wp-json\/wp\/v2\/posts\/165050"}],"collection":[{"href":"https:\/\/www.polishscience.pl\/de\/wp-json\/wp\/v2\/posts"}],"about":[{"href":"https:\/\/www.polishscience.pl\/de\/wp-json\/wp\/v2\/types\/post"}],"author":[{"embeddable":true,"href":"https:\/\/www.polishscience.pl\/de\/wp-json\/wp\/v2\/users\/9"}],"replies":[{"embeddable":true,"href":"https:\/\/www.polishscience.pl\/de\/wp-json\/wp\/v2\/comments?post=165050"}],"version-history":[{"count":0,"href":"https:\/\/www.polishscience.pl\/de\/wp-json\/wp\/v2\/posts\/165050\/revisions"}],"wp:attachment":[{"href":"https:\/\/www.polishscience.pl\/de\/wp-json\/wp\/v2\/media?parent=165050"}],"wp:term":[{"taxonomy":"category","embeddable":true,"href":"https:\/\/www.polishscience.pl\/de\/wp-json\/wp\/v2\/categories?post=165050"},{"taxonomy":"post_tag","embeddable":true,"href":"https:\/\/www.polishscience.pl\/de\/wp-json\/wp\/v2\/tags?post=165050"}],"curies":[{"name":"wp","href":"https:\/\/api.w.org\/{rel}","templated":true}]}}