{"id":165039,"date":"2021-02-02T13:18:06","date_gmt":"2021-02-02T12:18:06","guid":{"rendered":"https:\/\/polishscience.pl\/?p=165039"},"modified":"2021-02-03T16:18:38","modified_gmt":"2021-02-03T15:18:38","slug":"bildungsminister-kuendigte-die-schaffung-einer-neuen-wissenschaftlichen-disziplin-an","status":"publish","type":"post","link":"https:\/\/www.polishscience.pl\/de\/bildungsminister-kuendigte-die-schaffung-einer-neuen-wissenschaftlichen-disziplin-an\/","title":{"rendered":"Bildungsminister k\u00fcndigte die Schaffung einer neuen wissenschaftlichen Disziplin an"},"content":{"rendered":"<p><b>Die Wissenschaft ist eine Suche nach der Wahrheit, wenn sie nicht nach der Wahrheit sucht, ist sie eine Hommage an die Dummheit, wir sehen es heute vielerorts an polnischen Universit\u00e4ten \u2014 sagte der Bildungs- und Wissenschaftsminister Przemys\u0142aw Czarnek am Samstag, dem 30. Januar an der Katholischen Universit\u00e4t Lublin.<\/b><\/p>\n<p>Der Minister f\u00fcr Bildung und Wissenschaft k\u00fcndigte auch die Schaffung einer neuen wissenschaftlichen Disziplin \u2014 Familienwissenschaft \u2014 an. <span class=\"Apple-converted-space\">\u00a0<\/span><\/p>\n<p>Die Aufgabe der Universit\u00e4ten ist es, die Menschen zu bilden, und das kann nur durch die Suche nach der Wahrheit erreicht werden. Nur wenn die Universit\u00e4t die Sehnsucht nach der Wahrheit weckt und die Studenten eine Weltanschauung gewinnen, k\u00f6nnen die Lehrer Befriedigung aus einer gut erf\u00fcllten Pflicht ziehen, sagte Przemyslaw Czarnek an der KUL.<\/p>\n<p>Der Minister zitierte die Worte von Kardinal Stefan Wyszy\u0144ski, dass &#8222;die wichtigste Aufgabe der katholischen Wissenschaft in den Zeiten der schrecklichen Krisen darin bestehen wird, die angeborene Natur der menschlichen Person zu erkennen&#8220;.<\/p>\n","protected":false},"excerpt":{"rendered":"<p>Die Wissenschaft ist eine Suche nach der Wahrheit, wenn sie nicht nach der Wahrheit sucht, ist sie eine Hommage an die Dummheit, wir sehen es heute vielerorts an polnischen Universit\u00e4ten \u2014 sagte der Bildungs- und Wissenschaftsminister Przemys\u0142aw Czarnek am Samstag, dem 30. Januar an der Katholischen Universit\u00e4t Lublin. Der Minister f\u00fcr Bildung und Wissenschaft k\u00fcndigte [&hellip;]<\/p>\n","protected":false},"author":9,"featured_media":0,"comment_status":"closed","ping_status":"closed","sticky":false,"template":"","format":"standard","meta":[],"categories":[59],"tags":[],"_links":{"self":[{"href":"https:\/\/www.polishscience.pl\/de\/wp-json\/wp\/v2\/posts\/165039"}],"collection":[{"href":"https:\/\/www.polishscience.pl\/de\/wp-json\/wp\/v2\/posts"}],"about":[{"href":"https:\/\/www.polishscience.pl\/de\/wp-json\/wp\/v2\/types\/post"}],"author":[{"embeddable":true,"href":"https:\/\/www.polishscience.pl\/de\/wp-json\/wp\/v2\/users\/9"}],"replies":[{"embeddable":true,"href":"https:\/\/www.polishscience.pl\/de\/wp-json\/wp\/v2\/comments?post=165039"}],"version-history":[{"count":0,"href":"https:\/\/www.polishscience.pl\/de\/wp-json\/wp\/v2\/posts\/165039\/revisions"}],"wp:attachment":[{"href":"https:\/\/www.polishscience.pl\/de\/wp-json\/wp\/v2\/media?parent=165039"}],"wp:term":[{"taxonomy":"category","embeddable":true,"href":"https:\/\/www.polishscience.pl\/de\/wp-json\/wp\/v2\/categories?post=165039"},{"taxonomy":"post_tag","embeddable":true,"href":"https:\/\/www.polishscience.pl\/de\/wp-json\/wp\/v2\/tags?post=165039"}],"curies":[{"name":"wp","href":"https:\/\/api.w.org\/{rel}","templated":true}]}}