{"id":164694,"date":"2021-02-01T16:59:51","date_gmt":"2021-02-01T15:59:51","guid":{"rendered":"https:\/\/polishscience.pl\/?p=164694"},"modified":"2021-02-02T21:46:42","modified_gmt":"2021-02-02T20:46:42","slug":"vereinbarung-ueber-die-langfristige-zusammenarbeit-des-polnischen-rundfunks-mit-der-katholischen-universitaet-lublin","status":"publish","type":"post","link":"https:\/\/www.polishscience.pl\/de\/vereinbarung-ueber-die-langfristige-zusammenarbeit-des-polnischen-rundfunks-mit-der-katholischen-universitaet-lublin\/","title":{"rendered":"Vereinbarung \u00fcber die langfristige Zusammenarbeit des Polnischen Rundfunks mit der Katholischen Universit\u00e4t Lublin"},"content":{"rendered":"<p><b>Polnischer Rundfunk und die Katholische Universit\u00e4t Lublin (KUL) nehmen enge Zusammenarbeit auf. Am Donnerstag, dem 28. Januar hat man im Sitz des Polnischen Rundfunks in Warschau eine Vereinbarung \u00fcber eine langfristige und vielseitige Kooperation unterzeichnet.<span class=\"Apple-converted-space\">\u00a0<\/span><\/b><\/p>\n<p>Die Zusammenarbeit wird u.a. Multimedien-Aktivit\u00e4ten zur F\u00f6rderung patriotischer und christlicher Werte umfassen. Die Katholische Universit\u00e4t Lublin wird ihre Experten dem Polnischen Rundfunk zur Verf\u00fcgung stellen und das polnische Radio wird den Studenten journalistische Praktika anbieten.<\/p>\n<p>Diese Vereinbarung bedeutet intellektuelle und inhaltliche Zusammenarbeit sowie den Erfahrungsaustausch mit Studenten. Unsere Zusammenarbeit wird gute Ergebnisse f\u00fcr die H\u00f6rer und die Gesellschaft bringen. Sie wird auch die Verwirklichung der Mission sein, die ein Teil unserer T\u00e4tigkeit ist \u2014 erkl\u00e4rt<span class=\"Apple-converted-space\">\u00a0 <\/span>Agnieszka Kami\u0144ska, Pr\u00e4sidentin des polnischen Rundfunks.<\/p>\n<p>Unsere Einrichtungen sind fast gleich alt, daher glaube ich, dass wir, wenn wir unsere Kr\u00e4fte b\u00fcndeln, zum Erfolg verurteilt sind, was tats\u00e4chlich diesen Zwecken dient, die sowohl in der Satzung des polnischen Rundfunks als auch der Katholischen Universit\u00e4t Lublin enthalten sind \u2014 betonte Pf. Prof. Miros\u0142aw Kalinowski, Rektor der Katholischen Universit\u00e4t Lublin.<span class=\"Apple-converted-space\">\u00a0<\/span><\/p>\n","protected":false},"excerpt":{"rendered":"<p>Polnischer Rundfunk und die Katholische Universit\u00e4t Lublin (KUL) nehmen enge Zusammenarbeit auf. Am Donnerstag, dem 28. Januar hat man im Sitz des Polnischen Rundfunks in Warschau eine Vereinbarung \u00fcber eine langfristige und vielseitige Kooperation unterzeichnet.\u00a0 Die Zusammenarbeit wird u.a. Multimedien-Aktivit\u00e4ten zur F\u00f6rderung patriotischer und christlicher Werte umfassen. Die Katholische Universit\u00e4t Lublin wird ihre Experten dem [&hellip;]<\/p>\n","protected":false},"author":9,"featured_media":0,"comment_status":"closed","ping_status":"closed","sticky":false,"template":"","format":"standard","meta":[],"categories":[59],"tags":[],"_links":{"self":[{"href":"https:\/\/www.polishscience.pl\/de\/wp-json\/wp\/v2\/posts\/164694"}],"collection":[{"href":"https:\/\/www.polishscience.pl\/de\/wp-json\/wp\/v2\/posts"}],"about":[{"href":"https:\/\/www.polishscience.pl\/de\/wp-json\/wp\/v2\/types\/post"}],"author":[{"embeddable":true,"href":"https:\/\/www.polishscience.pl\/de\/wp-json\/wp\/v2\/users\/9"}],"replies":[{"embeddable":true,"href":"https:\/\/www.polishscience.pl\/de\/wp-json\/wp\/v2\/comments?post=164694"}],"version-history":[{"count":0,"href":"https:\/\/www.polishscience.pl\/de\/wp-json\/wp\/v2\/posts\/164694\/revisions"}],"wp:attachment":[{"href":"https:\/\/www.polishscience.pl\/de\/wp-json\/wp\/v2\/media?parent=164694"}],"wp:term":[{"taxonomy":"category","embeddable":true,"href":"https:\/\/www.polishscience.pl\/de\/wp-json\/wp\/v2\/categories?post=164694"},{"taxonomy":"post_tag","embeddable":true,"href":"https:\/\/www.polishscience.pl\/de\/wp-json\/wp\/v2\/tags?post=164694"}],"curies":[{"name":"wp","href":"https:\/\/api.w.org\/{rel}","templated":true}]}}