{"id":164394,"date":"2021-01-29T14:57:07","date_gmt":"2021-01-29T13:57:07","guid":{"rendered":"https:\/\/polishscience.pl\/?p=164394"},"modified":"2021-02-02T13:00:22","modified_gmt":"2021-02-02T12:00:22","slug":"katholische-universitaet-lublin-hat-einen-fonds-fuer-universitaere-missionszuschuesse-eingerichtet","status":"publish","type":"post","link":"https:\/\/www.polishscience.pl\/de\/katholische-universitaet-lublin-hat-einen-fonds-fuer-universitaere-missionszuschuesse-eingerichtet\/","title":{"rendered":"Katholische Universit\u00e4t Lublin hat einen Fonds f\u00fcr universit\u00e4re Missionszusch\u00fcsse eingerichtet"},"content":{"rendered":"<p><b>Rektor der Katholischen Universit\u00e4t Lublin (KUL), Pf. Prof. Miros\u0142aw Kalinowski gr\u00fcndete den Fonds f\u00fcr universit\u00e4re Missionszusch\u00fcsse. Er ist an Studenten und Doktoranden sowie an Studenten- und Doktorandenorganisationen der Katholischen Universit\u00e4t Lublin, die wissenschaftliche, mediale und Peer-Aktivit\u00e4ten zur F\u00f6rderung der Universit\u00e4t im Sinne des Mottos &#8222;Deo et Patriae&#8220; vorschlagen, gerichtet.<\/b><\/p>\n<p>Da das Jahr 2021 vom polnischen Sejm und vom Senat zum Jahr des Kardinals Stefan Wyszy\u0144ski erkl\u00e4rt wurde, wird die Jury solche Projekte auszeichnen, die sich auf die Lehre, Gedanke und Leistungen von Stefan Wyszy\u0144ski beziehen. Sie k\u00f6nnen unterschiedliche Form haben. Von Videoproduktion \u00fcber Radioprogramme bis hin zu Volksabstimmungen, Konzerten, Workshops und Debatten f\u00fcr Studenten der Katholischen Universit\u00e4t Lublin sowie anderer Universit\u00e4ten.<\/p>\n<p>Wir wollen das kreative Denken und die Kreativit\u00e4t der Studierenden freisetzen. Gott, Heimat, Glaube k\u00f6nnen auf vielf\u00e4ltige Weise innovativ dargestellt werden \u2014 sagte Monika Stojowska, Pressesprecherin von KUL, in einem Gespr\u00e4ch mit der katholischen Wochenzeitung &#8218;Niedziela&#8216;.<span class=\"Apple-converted-space\">\u00a0<\/span><\/p>\n","protected":false},"excerpt":{"rendered":"<p>Rektor der Katholischen Universit\u00e4t Lublin (KUL), Pf. Prof. Miros\u0142aw Kalinowski gr\u00fcndete den Fonds f\u00fcr universit\u00e4re Missionszusch\u00fcsse. Er ist an Studenten und Doktoranden sowie an Studenten- und Doktorandenorganisationen der Katholischen Universit\u00e4t Lublin, die wissenschaftliche, mediale und Peer-Aktivit\u00e4ten zur F\u00f6rderung der Universit\u00e4t im Sinne des Mottos &#8222;Deo et Patriae&#8220; vorschlagen, gerichtet. Da das Jahr 2021 vom polnischen [&hellip;]<\/p>\n","protected":false},"author":9,"featured_media":0,"comment_status":"closed","ping_status":"closed","sticky":false,"template":"","format":"standard","meta":[],"categories":[59],"tags":[],"_links":{"self":[{"href":"https:\/\/www.polishscience.pl\/de\/wp-json\/wp\/v2\/posts\/164394"}],"collection":[{"href":"https:\/\/www.polishscience.pl\/de\/wp-json\/wp\/v2\/posts"}],"about":[{"href":"https:\/\/www.polishscience.pl\/de\/wp-json\/wp\/v2\/types\/post"}],"author":[{"embeddable":true,"href":"https:\/\/www.polishscience.pl\/de\/wp-json\/wp\/v2\/users\/9"}],"replies":[{"embeddable":true,"href":"https:\/\/www.polishscience.pl\/de\/wp-json\/wp\/v2\/comments?post=164394"}],"version-history":[{"count":0,"href":"https:\/\/www.polishscience.pl\/de\/wp-json\/wp\/v2\/posts\/164394\/revisions"}],"wp:attachment":[{"href":"https:\/\/www.polishscience.pl\/de\/wp-json\/wp\/v2\/media?parent=164394"}],"wp:term":[{"taxonomy":"category","embeddable":true,"href":"https:\/\/www.polishscience.pl\/de\/wp-json\/wp\/v2\/categories?post=164394"},{"taxonomy":"post_tag","embeddable":true,"href":"https:\/\/www.polishscience.pl\/de\/wp-json\/wp\/v2\/tags?post=164394"}],"curies":[{"name":"wp","href":"https:\/\/api.w.org\/{rel}","templated":true}]}}