{"id":164390,"date":"2021-01-29T12:57:03","date_gmt":"2021-01-29T11:57:03","guid":{"rendered":"https:\/\/polishscience.pl\/?p=164390"},"modified":"2021-02-02T12:57:46","modified_gmt":"2021-02-02T11:57:46","slug":"minister-czarnek-ueber-die-entwicklung-polnischer-wissenschaft-und-dekommunisierung","status":"publish","type":"post","link":"https:\/\/www.polishscience.pl\/de\/minister-czarnek-ueber-die-entwicklung-polnischer-wissenschaft-und-dekommunisierung\/","title":{"rendered":"Minister Czarnek \u00fcber die Entwicklung polnischer Wissenschaft und Dekommunisierung"},"content":{"rendered":"<p><b>Ich denke, dass Diplome der polnischen Universit\u00e4ten in der Welt z\u00e4hlen, doch sie sollten nat\u00fcrlich noch mehr Bedeutung haben. Deshalb werden wir uns darum bem\u00fchen, polnische Wissenschaft zu entwickeln, die in einigen F\u00e4llen v\u00f6llig ungenutzt ist \u2014 sagte der Bildungs- und Wissenschaftsminister Przemys\u0142aw Czarnek in einer Fernsehsendung. <span class=\"Apple-converted-space\">\u00a0<\/span><\/b><\/p>\n<p>Der Chef des Bildungs- und Wissenschaftsministeriums teilte mit, dass mehrere Disziplinarverfahren gegen Rektoren eingeleitet wurden, die ihre Zusammenarbeit mit dem Sicherheitsdienst der Volksrepublik Polen verschwiegen hatten.<\/p>\n<p>In diesem Zusammenhang nahm der Bezug auf die Dekommunisierung und erkl\u00e4rte, dass die sie die Entfernung von Agenten des Sicherheitsdienstes und m\u00f6glicherweise noch engeren Mitarbeitern der SB von den Universit\u00e4ten bedeutete, aber nicht von Menschen, die nur w\u00e4hrend der kommunistischen \u00c4ra studierten. Leider ist die Dekommunisierung in ihrer reinen Form eine vergangene und unvollendete Zeit. Wir haben es nicht nur an Universit\u00e4ten sondern praktisch \u00fcberhaupt nicht durchgef\u00fchrt. Und es ist jetzt 30 Jahre her, also gibt es immer weniger Ex-Agenten \u2014 f\u00fcgte er hinzu.<span class=\"Apple-converted-space\">\u00a0<\/span><\/p>\n","protected":false},"excerpt":{"rendered":"<p>Ich denke, dass Diplome der polnischen Universit\u00e4ten in der Welt z\u00e4hlen, doch sie sollten nat\u00fcrlich noch mehr Bedeutung haben. Deshalb werden wir uns darum bem\u00fchen, polnische Wissenschaft zu entwickeln, die in einigen F\u00e4llen v\u00f6llig ungenutzt ist \u2014 sagte der Bildungs- und Wissenschaftsminister Przemys\u0142aw Czarnek in einer Fernsehsendung. \u00a0 Der Chef des Bildungs- und Wissenschaftsministeriums teilte [&hellip;]<\/p>\n","protected":false},"author":9,"featured_media":0,"comment_status":"closed","ping_status":"closed","sticky":false,"template":"","format":"standard","meta":[],"categories":[59],"tags":[],"_links":{"self":[{"href":"https:\/\/www.polishscience.pl\/de\/wp-json\/wp\/v2\/posts\/164390"}],"collection":[{"href":"https:\/\/www.polishscience.pl\/de\/wp-json\/wp\/v2\/posts"}],"about":[{"href":"https:\/\/www.polishscience.pl\/de\/wp-json\/wp\/v2\/types\/post"}],"author":[{"embeddable":true,"href":"https:\/\/www.polishscience.pl\/de\/wp-json\/wp\/v2\/users\/9"}],"replies":[{"embeddable":true,"href":"https:\/\/www.polishscience.pl\/de\/wp-json\/wp\/v2\/comments?post=164390"}],"version-history":[{"count":0,"href":"https:\/\/www.polishscience.pl\/de\/wp-json\/wp\/v2\/posts\/164390\/revisions"}],"wp:attachment":[{"href":"https:\/\/www.polishscience.pl\/de\/wp-json\/wp\/v2\/media?parent=164390"}],"wp:term":[{"taxonomy":"category","embeddable":true,"href":"https:\/\/www.polishscience.pl\/de\/wp-json\/wp\/v2\/categories?post=164390"},{"taxonomy":"post_tag","embeddable":true,"href":"https:\/\/www.polishscience.pl\/de\/wp-json\/wp\/v2\/tags?post=164390"}],"curies":[{"name":"wp","href":"https:\/\/api.w.org\/{rel}","templated":true}]}}