{"id":163865,"date":"2021-01-26T16:27:08","date_gmt":"2021-01-26T15:27:08","guid":{"rendered":"https:\/\/polishscience.pl\/?p=163865"},"modified":"2021-01-30T14:28:01","modified_gmt":"2021-01-30T13:28:01","slug":"universitaet-zielona-gora-wird-die-auswirkung-der-epidemie-und-quarantaene-auf-die-einstellung-der-jugend-untersuchen","status":"publish","type":"post","link":"https:\/\/www.polishscience.pl\/de\/universitaet-zielona-gora-wird-die-auswirkung-der-epidemie-und-quarantaene-auf-die-einstellung-der-jugend-untersuchen\/","title":{"rendered":"Universit\u00e4t Zielona G\u00f3ra wird die Auswirkung der Epidemie und Quarant\u00e4ne auf die Einstellung der Jugend untersuchen"},"content":{"rendered":"<p><b>Die Universit\u00e4t Zielona G\u00f3ra f\u00fchrt ein Forschungsvorhaben \u201eInterdisziplin\u00e4re und komparative Diagnose der sekund\u00e4ren Probleme, die in Einstellungen und dem Verhalten gegenw\u00e4rtiger Jugend infolge der Cornavirus-Pandemie zum Vorschein kommen, in individueller und gemeinschaftlicher Perspektive\u201d durch. Das Projekt wird aus den Mitteln des Bildungs- und Wissenschaftsministeriums finanziert.<\/b><\/p>\n<p>Das Ziel dieses Vorhabens ist die Darstellung der Auswirkungen der Epidemie und der mit ihr verbundenen sozialer Quarant\u00e4ne auf die Einstellungen und den Alltag junger Personen. Im Rahmen des Projekts wird man ein Team der Vertreter von Geistes- und Sozialwissenschaften bilden, dessen Ziel die Durchf\u00fchrung der breit angelegten Sozialforschung, einer Kampagne zur Popularisierung des Projekts sowie die Entwicklung von Forschungsinstrumenten sein wird.<span class=\"Apple-converted-space\">\u00a0<\/span><\/p>\n<p>W\u00e4hrend der Projektlaufzeit wird man wissenschaftliche Konferenzen organisieren, die mit dem Thema des Vorhabens verbunden sein sollen, sowie B\u00fccher ver\u00f6ffentlichen, die die Arbeiten zu dem analysierten Problem und Ergebnisse der durchgef\u00fchrten Forschung beinhalten werden \u2014 lesen wir auf der Website der Hochschule.<span class=\"Apple-converted-space\">\u00a0<\/span><\/p>\n","protected":false},"excerpt":{"rendered":"<p>Die Universit\u00e4t Zielona G\u00f3ra f\u00fchrt ein Forschungsvorhaben \u201eInterdisziplin\u00e4re und komparative Diagnose der sekund\u00e4ren Probleme, die in Einstellungen und dem Verhalten gegenw\u00e4rtiger Jugend infolge der Cornavirus-Pandemie zum Vorschein kommen, in individueller und gemeinschaftlicher Perspektive\u201d durch. Das Projekt wird aus den Mitteln des Bildungs- und Wissenschaftsministeriums finanziert. Das Ziel dieses Vorhabens ist die Darstellung der Auswirkungen der [&hellip;]<\/p>\n","protected":false},"author":9,"featured_media":0,"comment_status":"closed","ping_status":"closed","sticky":false,"template":"","format":"standard","meta":[],"categories":[63,65],"tags":[],"_links":{"self":[{"href":"https:\/\/www.polishscience.pl\/de\/wp-json\/wp\/v2\/posts\/163865"}],"collection":[{"href":"https:\/\/www.polishscience.pl\/de\/wp-json\/wp\/v2\/posts"}],"about":[{"href":"https:\/\/www.polishscience.pl\/de\/wp-json\/wp\/v2\/types\/post"}],"author":[{"embeddable":true,"href":"https:\/\/www.polishscience.pl\/de\/wp-json\/wp\/v2\/users\/9"}],"replies":[{"embeddable":true,"href":"https:\/\/www.polishscience.pl\/de\/wp-json\/wp\/v2\/comments?post=163865"}],"version-history":[{"count":0,"href":"https:\/\/www.polishscience.pl\/de\/wp-json\/wp\/v2\/posts\/163865\/revisions"}],"wp:attachment":[{"href":"https:\/\/www.polishscience.pl\/de\/wp-json\/wp\/v2\/media?parent=163865"}],"wp:term":[{"taxonomy":"category","embeddable":true,"href":"https:\/\/www.polishscience.pl\/de\/wp-json\/wp\/v2\/categories?post=163865"},{"taxonomy":"post_tag","embeddable":true,"href":"https:\/\/www.polishscience.pl\/de\/wp-json\/wp\/v2\/tags?post=163865"}],"curies":[{"name":"wp","href":"https:\/\/api.w.org\/{rel}","templated":true}]}}