{"id":160496,"date":"2020-12-31T16:24:36","date_gmt":"2020-12-31T15:24:36","guid":{"rendered":"https:\/\/polishscience.pl\/?p=160496"},"modified":"2020-12-31T16:24:36","modified_gmt":"2020-12-31T15:24:36","slug":"bildungs-und-wissenschaftsministerium-formeller-beginn-der-taetigkeit-ab-dem-neuen-jahr","status":"publish","type":"post","link":"https:\/\/www.polishscience.pl\/de\/bildungs-und-wissenschaftsministerium-formeller-beginn-der-taetigkeit-ab-dem-neuen-jahr\/","title":{"rendered":"Bildungs- und Wissenschaftsministerium \u2014 formeller Beginn der T\u00e4tigkeit ab dem neuen Jahr"},"content":{"rendered":"<p><b>Ab dem 1. Januar 2020 werden das Ministerium f\u00fcr Wissenschaft und Hochschulbildung und das Ministerium f\u00fcr Nationale Bildung formell zusammengelegt. An der Stelle dieser Ministerien wird das Ministerium f\u00fcr Bildung und Wissenschaft entstehen.<\/b><\/p>\n<p>Es wird weniger stellvertretende Minister geben, manche Departemente sollen zusammengefasst werden, die anderen getrennt wie bisher bleiben \u2014 hat Bildungs- und Wissenschaftsminister Przemys\u0142aw Czarnek\u00a0im Ersten Programm des Polnischen Rundfunks mitgeteilt.<span class=\"Apple-converted-space\">\u00a0<\/span><\/p>\n<p>Der Minister hat hinzugef\u00fcgt, dass wenn es um seine Amtierung geht, wird sich nicht \u00e4ndern. Je nach der Problematik wird er in einem oder anderem der bisherigen Ministerien arbeiten.<span class=\"Apple-converted-space\">\u00a0<\/span><\/p>\n<p>Er hat dagegen den Zusammenschluss dieser Abteilungen angek\u00fcndigt, deren<span class=\"Apple-converted-space\">\u00a0 <\/span>T\u00e4tigkeitsfelder sich \u00fcberschneiden, wie z.B. Abteilungen f\u00fcr internationale Zusammenarbeit. Er hat auch daran erinnert, dass es weiterhin zwei Bereiche der Staatsverwaltung: \u201enationale Bildung\u201d und \u201eWissenschaft und Hochschulbildung\u201d geben wird, die getrennt funktionieren werden.<span class=\"Apple-converted-space\">\u00a0<\/span><\/p>\n","protected":false},"excerpt":{"rendered":"<p>Ab dem 1. Januar 2020 werden das Ministerium f\u00fcr Wissenschaft und Hochschulbildung und das Ministerium f\u00fcr Nationale Bildung formell zusammengelegt. An der Stelle dieser Ministerien wird das Ministerium f\u00fcr Bildung und Wissenschaft entstehen. Es wird weniger stellvertretende Minister geben, manche Departemente sollen zusammengefasst werden, die anderen getrennt wie bisher bleiben \u2014 hat Bildungs- und Wissenschaftsminister [&hellip;]<\/p>\n","protected":false},"author":9,"featured_media":0,"comment_status":"closed","ping_status":"closed","sticky":false,"template":"","format":"standard","meta":[],"categories":[59,65],"tags":[],"_links":{"self":[{"href":"https:\/\/www.polishscience.pl\/de\/wp-json\/wp\/v2\/posts\/160496"}],"collection":[{"href":"https:\/\/www.polishscience.pl\/de\/wp-json\/wp\/v2\/posts"}],"about":[{"href":"https:\/\/www.polishscience.pl\/de\/wp-json\/wp\/v2\/types\/post"}],"author":[{"embeddable":true,"href":"https:\/\/www.polishscience.pl\/de\/wp-json\/wp\/v2\/users\/9"}],"replies":[{"embeddable":true,"href":"https:\/\/www.polishscience.pl\/de\/wp-json\/wp\/v2\/comments?post=160496"}],"version-history":[{"count":0,"href":"https:\/\/www.polishscience.pl\/de\/wp-json\/wp\/v2\/posts\/160496\/revisions"}],"wp:attachment":[{"href":"https:\/\/www.polishscience.pl\/de\/wp-json\/wp\/v2\/media?parent=160496"}],"wp:term":[{"taxonomy":"category","embeddable":true,"href":"https:\/\/www.polishscience.pl\/de\/wp-json\/wp\/v2\/categories?post=160496"},{"taxonomy":"post_tag","embeddable":true,"href":"https:\/\/www.polishscience.pl\/de\/wp-json\/wp\/v2\/tags?post=160496"}],"curies":[{"name":"wp","href":"https:\/\/api.w.org\/{rel}","templated":true}]}}