{"id":158731,"date":"2020-12-16T15:34:30","date_gmt":"2020-12-16T14:34:30","guid":{"rendered":"https:\/\/polishscience.pl\/?p=158731"},"modified":"2020-12-16T17:34:56","modified_gmt":"2020-12-16T16:34:56","slug":"absolvent-der-naturwissenschaftlichen-universitaet-posen-als-mitglied-des-bueros-des-waldforums-der-vereinten-nationen","status":"publish","type":"post","link":"https:\/\/www.polishscience.pl\/de\/absolvent-der-naturwissenschaftlichen-universitaet-posen-als-mitglied-des-bueros-des-waldforums-der-vereinten-nationen\/","title":{"rendered":"Absolvent der Naturwissenschaftlichen Universit\u00e4t Posen als Mitglied des B\u00fcros des Waldforums der Vereinten Nationen"},"content":{"rendered":"<p><b>Absolvent der Naturwissenschaftlichen Universit\u00e4t Posen und Vorsitzender des Rates dieser Universit\u00e4t \u2014 Tomasz Markiewicz \u2014 wurde als erster Pole und f\u00fcnfzehner Europ\u00e4er in der Geschichte zum Mitglied des B\u00fcros des Waldforums der Vereinten Nationen gew\u00e4hlt \u2014 teilt die Universit\u00e4t mit.<\/b><\/p>\n<p>Tomasz Markiewicz ist seit 24 Jahren mit W\u00e4ldern verbunden. Er ist u.a. stellvertretender Vorsitzender der Union of European Foresters\u00a0 \u2014 der gr\u00f6\u00dften und \u00e4ltesten Organisation, die 80.000 Forstwirte aus 25 europ\u00e4ischen L\u00e4ndern vereint. In den Vereinten Nationen wird er f\u00fcr die F\u00f6rderung der Forstpolitik und Einf\u00fchrung der Strategie der nachhaltigen Forstwirtschaft zust\u00e4ndig sein.<span class=\"Apple-converted-space\">\u00a0<\/span><\/p>\n<p>Das Walforum der Vereinten Nationen wurde 2000 vom Wirtschafts- und Sozialrat der Vereinten Nationen gegr\u00fcndet. Die Mitgliedschaft am Forum hat einen allgemeinen Charakter. Zum Forum geh\u00f6ren alle Mitgliedstaaten der Vereinten Nationen. Das Waldforum ist einziges internationales Forum, das sich ausschlie\u00dflich mit Forstthematik besch\u00e4ftigt und nachhaltige Forstwirtschaft in der Welt f\u00f6rdert.<span class=\"Apple-converted-space\">\u00a0<\/span><\/p>\n<p>Mehr: <a href=\"https:\/\/puls.edu.pl\/aktualno-ci\/przewodnicz-cy-rady-uczelni-uniwersytetu-przyrodniczego-w-poznaniu-w-organizacji-narod-w\">https:\/\/puls.edu.pl\/aktualno-ci\/przewodnicz-cy-rady-uczelni-uniwersytetu-przyrodniczego-w-poznaniu-w-organizacji-narod-w<\/a><\/p>\n","protected":false},"excerpt":{"rendered":"<p>Absolvent der Naturwissenschaftlichen Universit\u00e4t Posen und Vorsitzender des Rates dieser Universit\u00e4t \u2014 Tomasz Markiewicz \u2014 wurde als erster Pole und f\u00fcnfzehner Europ\u00e4er in der Geschichte zum Mitglied des B\u00fcros des Waldforums der Vereinten Nationen gew\u00e4hlt \u2014 teilt die Universit\u00e4t mit. Tomasz Markiewicz ist seit 24 Jahren mit W\u00e4ldern verbunden. Er ist u.a. stellvertretender Vorsitzender der [&hellip;]<\/p>\n","protected":false},"author":9,"featured_media":0,"comment_status":"closed","ping_status":"closed","sticky":false,"template":"","format":"standard","meta":[],"categories":[65],"tags":[],"_links":{"self":[{"href":"https:\/\/www.polishscience.pl\/de\/wp-json\/wp\/v2\/posts\/158731"}],"collection":[{"href":"https:\/\/www.polishscience.pl\/de\/wp-json\/wp\/v2\/posts"}],"about":[{"href":"https:\/\/www.polishscience.pl\/de\/wp-json\/wp\/v2\/types\/post"}],"author":[{"embeddable":true,"href":"https:\/\/www.polishscience.pl\/de\/wp-json\/wp\/v2\/users\/9"}],"replies":[{"embeddable":true,"href":"https:\/\/www.polishscience.pl\/de\/wp-json\/wp\/v2\/comments?post=158731"}],"version-history":[{"count":0,"href":"https:\/\/www.polishscience.pl\/de\/wp-json\/wp\/v2\/posts\/158731\/revisions"}],"wp:attachment":[{"href":"https:\/\/www.polishscience.pl\/de\/wp-json\/wp\/v2\/media?parent=158731"}],"wp:term":[{"taxonomy":"category","embeddable":true,"href":"https:\/\/www.polishscience.pl\/de\/wp-json\/wp\/v2\/categories?post=158731"},{"taxonomy":"post_tag","embeddable":true,"href":"https:\/\/www.polishscience.pl\/de\/wp-json\/wp\/v2\/tags?post=158731"}],"curies":[{"name":"wp","href":"https:\/\/api.w.org\/{rel}","templated":true}]}}