{"id":157861,"date":"2020-12-10T15:57:35","date_gmt":"2020-12-10T14:57:35","guid":{"rendered":"https:\/\/polishscience.pl\/?p=157861"},"modified":"2020-12-10T15:57:35","modified_gmt":"2020-12-10T14:57:35","slug":"polnische-forscher-werden-die-klimaveraenderungen-in-der-adriaregion-beobachten","status":"publish","type":"post","link":"https:\/\/www.polishscience.pl\/de\/polnische-forscher-werden-die-klimaveraenderungen-in-der-adriaregion-beobachten\/","title":{"rendered":"Polnische Forscher werden die Klimaver\u00e4nderungen in der Adriaregion beobachten"},"content":{"rendered":"<p><b>Das Kennenlernen der Klimaver\u00e4nderungen im 3. und 4. Jahrtausend in der n\u00f6rdlichen und \u00f6stlichen Adriaregion ist eins der Ziele des mit einem Zuschuss des Nationalen Wissenschaftszentrums preisgekr\u00f6nten Projekts von Dr. habil. Fabian Welc vom Institut f\u00fcr Arch\u00e4ologie der Kradinal-Stefan-Wyszy\u0144ski-Universit\u00e4t Warschau.<span class=\"Apple-converted-space\">\u00a0<\/span><\/b><\/p>\n<p>Sein Forschungsprojekt \u201eZusammenbruch, Krise oder Umwandlung? Korrelation der Ver\u00e4nderungen der sp\u00e4tantiken Ansiedlung mit Umwelt- und Klimaver\u00e4nderungen in der n\u00f6rdlichen und \u00f6stlichen Adriaregion aufgrund der Ergebnisse geoarch\u00e4ologischer und pal\u00e4oklimatischer Untersuchungen\u201d hat eine Finanzhilfe in H\u00f6he von 741.480 PLN im Rahmen des Programms Opus erhalten.<\/p>\n<p>Im Rahmen des Projekts wird man u.a. die Indizes der Pal\u00e4oumwelt nutzen, die die Rekonstruktion der Umweltver\u00e4nderungen in diesem Gebiet, also im Norddalmatien und Histria erm\u00f6glichen werden.<\/p>\n<p>Die Verwendung zahlreicher Forschungsmethoden, darunter u.a. der geoarch\u00e4ologischen Methoden wird die Entwicklung des ersten Szenarios der Klima- und Umweltver\u00e4nderungen in der sp\u00e4ten r\u00f6mischen Zeit f\u00fcr die \u00f6stliche Adria m\u00f6glich machen.<span class=\"Apple-converted-space\">\u00a0<\/span><\/p>\n","protected":false},"excerpt":{"rendered":"<p>Das Kennenlernen der Klimaver\u00e4nderungen im 3. und 4. Jahrtausend in der n\u00f6rdlichen und \u00f6stlichen Adriaregion ist eins der Ziele des mit einem Zuschuss des Nationalen Wissenschaftszentrums preisgekr\u00f6nten Projekts von Dr. habil. Fabian Welc vom Institut f\u00fcr Arch\u00e4ologie der Kradinal-Stefan-Wyszy\u0144ski-Universit\u00e4t Warschau.\u00a0 Sein Forschungsprojekt \u201eZusammenbruch, Krise oder Umwandlung? Korrelation der Ver\u00e4nderungen der sp\u00e4tantiken Ansiedlung mit Umwelt- und [&hellip;]<\/p>\n","protected":false},"author":9,"featured_media":0,"comment_status":"closed","ping_status":"closed","sticky":false,"template":"","format":"standard","meta":[],"categories":[65],"tags":[],"_links":{"self":[{"href":"https:\/\/www.polishscience.pl\/de\/wp-json\/wp\/v2\/posts\/157861"}],"collection":[{"href":"https:\/\/www.polishscience.pl\/de\/wp-json\/wp\/v2\/posts"}],"about":[{"href":"https:\/\/www.polishscience.pl\/de\/wp-json\/wp\/v2\/types\/post"}],"author":[{"embeddable":true,"href":"https:\/\/www.polishscience.pl\/de\/wp-json\/wp\/v2\/users\/9"}],"replies":[{"embeddable":true,"href":"https:\/\/www.polishscience.pl\/de\/wp-json\/wp\/v2\/comments?post=157861"}],"version-history":[{"count":0,"href":"https:\/\/www.polishscience.pl\/de\/wp-json\/wp\/v2\/posts\/157861\/revisions"}],"wp:attachment":[{"href":"https:\/\/www.polishscience.pl\/de\/wp-json\/wp\/v2\/media?parent=157861"}],"wp:term":[{"taxonomy":"category","embeddable":true,"href":"https:\/\/www.polishscience.pl\/de\/wp-json\/wp\/v2\/categories?post=157861"},{"taxonomy":"post_tag","embeddable":true,"href":"https:\/\/www.polishscience.pl\/de\/wp-json\/wp\/v2\/tags?post=157861"}],"curies":[{"name":"wp","href":"https:\/\/api.w.org\/{rel}","templated":true}]}}