{"id":157528,"date":"2020-12-08T19:30:40","date_gmt":"2020-12-08T18:30:40","guid":{"rendered":"https:\/\/polishscience.pl\/?p=157528"},"modified":"2020-12-08T19:30:40","modified_gmt":"2020-12-08T18:30:40","slug":"europaeisches-parlament-wird-ein-projekt-der-forscher-von-der-universitaet-breslau-finanzieren","status":"publish","type":"post","link":"https:\/\/www.polishscience.pl\/de\/europaeisches-parlament-wird-ein-projekt-der-forscher-von-der-universitaet-breslau-finanzieren\/","title":{"rendered":"Europ\u00e4isches Parlament wird ein Projekt der Forscher von der Universit\u00e4t Breslau finanzieren"},"content":{"rendered":"<p><b>An der Fakult\u00e4t f\u00fcr Recht, Verwaltung und Wirtschaftswissenschaft der Universit\u00e4t Breslau wird man das Projekt \u201eMediation und Dialog in der Europ\u00e4ischen Union als Faktoren, die zur dauerhaften und sozial gerechten, unter Bedingungen der fairen und verl\u00e4sslichen Information erzielten Eignung f\u00fchren\u201d durchf\u00fchren. Europ\u00e4isches Parlament hat f\u00fcr die Durchf\u00fchrung dieses Unternehmens fast 43 Tausend EUR bestimmt \u2014 teilt die Hochschule mit.<\/b><\/p>\n<p>Im Rahmen des Projekts wird man empirische Untersuchungen durchf\u00fchren, welche die Bestimmung der Richtungen und des Charakters der Stereotypisierung, die von Jugendlichen im Kontext der Wahrnehmung anderer Nationen in der EU mit besonderer Ber\u00fccksichtigung deutsch-polnischer Beziehungen gezeigt wird, bezwecken.<\/p>\n<p>Zu einer Inspiration f\u00fcr Forscher wurde die Bemerkung, dass ein wesentlicher Faktor f\u00fcr gute Zusammenarbeit auf der lokalen und internationalen Ebene effiziente soziale Kommunikation ist. Dies erfordert soziale Kompetenzen im Bereich des \u00dcberschreiten der Grenzen eigenen Ethnozentrismus sowie die F\u00e4higkeiten im Bereich der Beschaffung und Verifizierung der Informationen, die in der \u00d6ffentlichkeit verf\u00fcgbar sind.<span class=\"Apple-converted-space\">\u00a0<\/span><\/p>\n<p>Mehr: <a href=\"https:\/\/uni.wroc.pl\/na-uwr-rusza-projekt-ganesa\/\">https:\/\/uni.wroc.pl\/na-uwr-rusza-projekt-ganesa\/<\/a><\/p>\n","protected":false},"excerpt":{"rendered":"<p>An der Fakult\u00e4t f\u00fcr Recht, Verwaltung und Wirtschaftswissenschaft der Universit\u00e4t Breslau wird man das Projekt \u201eMediation und Dialog in der Europ\u00e4ischen Union als Faktoren, die zur dauerhaften und sozial gerechten, unter Bedingungen der fairen und verl\u00e4sslichen Information erzielten Eignung f\u00fchren\u201d durchf\u00fchren. Europ\u00e4isches Parlament hat f\u00fcr die Durchf\u00fchrung dieses Unternehmens fast 43 Tausend EUR bestimmt \u2014 [&hellip;]<\/p>\n","protected":false},"author":9,"featured_media":0,"comment_status":"closed","ping_status":"closed","sticky":false,"template":"","format":"standard","meta":[],"categories":[59],"tags":[],"_links":{"self":[{"href":"https:\/\/www.polishscience.pl\/de\/wp-json\/wp\/v2\/posts\/157528"}],"collection":[{"href":"https:\/\/www.polishscience.pl\/de\/wp-json\/wp\/v2\/posts"}],"about":[{"href":"https:\/\/www.polishscience.pl\/de\/wp-json\/wp\/v2\/types\/post"}],"author":[{"embeddable":true,"href":"https:\/\/www.polishscience.pl\/de\/wp-json\/wp\/v2\/users\/9"}],"replies":[{"embeddable":true,"href":"https:\/\/www.polishscience.pl\/de\/wp-json\/wp\/v2\/comments?post=157528"}],"version-history":[{"count":0,"href":"https:\/\/www.polishscience.pl\/de\/wp-json\/wp\/v2\/posts\/157528\/revisions"}],"wp:attachment":[{"href":"https:\/\/www.polishscience.pl\/de\/wp-json\/wp\/v2\/media?parent=157528"}],"wp:term":[{"taxonomy":"category","embeddable":true,"href":"https:\/\/www.polishscience.pl\/de\/wp-json\/wp\/v2\/categories?post=157528"},{"taxonomy":"post_tag","embeddable":true,"href":"https:\/\/www.polishscience.pl\/de\/wp-json\/wp\/v2\/tags?post=157528"}],"curies":[{"name":"wp","href":"https:\/\/api.w.org\/{rel}","templated":true}]}}