{"id":156897,"date":"2020-12-03T17:00:56","date_gmt":"2020-12-03T16:00:56","guid":{"rendered":"https:\/\/polishscience.pl\/?p=156897"},"modified":"2020-12-03T17:56:30","modified_gmt":"2020-12-03T16:56:30","slug":"virtualisierung-des-sozialen-lebens-waehrend-der-pandemie-als-thema-der-konferenz-in-bielsko-biala","status":"publish","type":"post","link":"https:\/\/www.polishscience.pl\/de\/virtualisierung-des-sozialen-lebens-waehrend-der-pandemie-als-thema-der-konferenz-in-bielsko-biala\/","title":{"rendered":"Virtualisierung des sozialen Lebens w\u00e4hrend der Pandemie als Thema der Konferenz in Bielsko-Bia\u0142a"},"content":{"rendered":"<p><b>Die Fakult\u00e4t f\u00fcr Management und Transport sowie die Fakult\u00e4t f\u00fcr Geistes- und Sozialwissenschaften der Technisch-Humanistischen Akademie Bielsko-Bia\u0142a laden am 17. Dezember zur gesamtpolnischen Online-Konferenz \u201eVirtualisierung des sozialen Lebens w\u00e4hrend der Pandemie\u201d ein \u2014 teilt die Hochschule mit.<\/b><\/p>\n<p>Die Pandemie hat die Beschr\u00e4nkung oder Sperrung des Funktionierens der Systeme und Untersysteme des wirtschaftlichen, sozialen, politischen und kulturellen Lebens bewirkt. Die Konferenz wird die Fragen der Hochschul- und Schulbildung, die T\u00e4tigkeit der Kulturbranche, die den Gesundheitsschutz betreffen sowie den Zustand der \u00f6ffentlichen Politik, der Gewerbet\u00e4tigkeit und unternehmerischen Initiativen sowie das Alltagsleben und die mit der Religion verbundene Aktivit\u00e4t betreffen.<\/p>\n<p>Die Partner der Konferenz sind: der Lehrstuhl f\u00fcr Soziologie der Wirtschaft und Sozialkommunikation der AGH-Universit\u00e4t f\u00fcr Wissenschaft und Technologie Krakau, der Lehrstuhl f\u00fcr Soziologie und Milit\u00e4rgeschichte der Marineakademie Gdynia sowie der Lehrstuhl f\u00fcr Journalismus und Sozialkommunikation der Jan-Kochanowski-Universit\u00e4t Kielce. <span class=\"Apple-converted-space\">\u00a0<\/span><\/p>\n<p>Mehr: <a href=\"https:\/\/www.ath.bielsko.pl\/wirtualizacja-zycia-spolecznego-w-czasach-pandemii\/\">https:\/\/www.ath.bielsko.pl\/wirtualizacja-zycia-spolecznego-w-czasach-pandemii\/<\/a><\/p>\n","protected":false},"excerpt":{"rendered":"<p>Die Fakult\u00e4t f\u00fcr Management und Transport sowie die Fakult\u00e4t f\u00fcr Geistes- und Sozialwissenschaften der Technisch-Humanistischen Akademie Bielsko-Bia\u0142a laden am 17. Dezember zur gesamtpolnischen Online-Konferenz \u201eVirtualisierung des sozialen Lebens w\u00e4hrend der Pandemie\u201d ein \u2014 teilt die Hochschule mit. Die Pandemie hat die Beschr\u00e4nkung oder Sperrung des Funktionierens der Systeme und Untersysteme des wirtschaftlichen, sozialen, politischen und [&hellip;]<\/p>\n","protected":false},"author":9,"featured_media":0,"comment_status":"closed","ping_status":"closed","sticky":false,"template":"","format":"standard","meta":[],"categories":[65],"tags":[],"_links":{"self":[{"href":"https:\/\/www.polishscience.pl\/de\/wp-json\/wp\/v2\/posts\/156897"}],"collection":[{"href":"https:\/\/www.polishscience.pl\/de\/wp-json\/wp\/v2\/posts"}],"about":[{"href":"https:\/\/www.polishscience.pl\/de\/wp-json\/wp\/v2\/types\/post"}],"author":[{"embeddable":true,"href":"https:\/\/www.polishscience.pl\/de\/wp-json\/wp\/v2\/users\/9"}],"replies":[{"embeddable":true,"href":"https:\/\/www.polishscience.pl\/de\/wp-json\/wp\/v2\/comments?post=156897"}],"version-history":[{"count":0,"href":"https:\/\/www.polishscience.pl\/de\/wp-json\/wp\/v2\/posts\/156897\/revisions"}],"wp:attachment":[{"href":"https:\/\/www.polishscience.pl\/de\/wp-json\/wp\/v2\/media?parent=156897"}],"wp:term":[{"taxonomy":"category","embeddable":true,"href":"https:\/\/www.polishscience.pl\/de\/wp-json\/wp\/v2\/categories?post=156897"},{"taxonomy":"post_tag","embeddable":true,"href":"https:\/\/www.polishscience.pl\/de\/wp-json\/wp\/v2\/tags?post=156897"}],"curies":[{"name":"wp","href":"https:\/\/api.w.org\/{rel}","templated":true}]}}