{"id":156594,"date":"2020-12-02T18:01:21","date_gmt":"2020-12-02T17:01:21","guid":{"rendered":"https:\/\/polishscience.pl\/?p=156594"},"modified":"2020-12-02T18:01:21","modified_gmt":"2020-12-02T17:01:21","slug":"an-der-universitaet-oppeln-wird-man-determinanten-und-dynamik-der-integration-im-post-brexit-europa-untersuchen","status":"publish","type":"post","link":"https:\/\/www.polishscience.pl\/de\/an-der-universitaet-oppeln-wird-man-determinanten-und-dynamik-der-integration-im-post-brexit-europa-untersuchen\/","title":{"rendered":"An der Universit\u00e4t Oppeln wird man Determinanten und Dynamik der Integration im post-Brexit Europa untersuchen"},"content":{"rendered":"<p><b>Das Projekt von Prof. Rafa\u0142 Riedel von der Universit\u00e4t Oppeln \u201eDeterminanten und Dynamik der differenzierten Integration im post-Brexit Europa\u201d hat 459.000 PLN vom Nationalen Wissenschaftszentrum im Rahmen des Programms OPUS erhalten.<\/b><\/p>\n<p>Professor Riedel will die Bedingungen und die Dynamik der differenzierten Integration in Europa (in der EU und in ihrer Umgebung) in einer interdisziplin\u00e4ren Perspektive, die zahlreiche Dimensionen, z.B. die sozial-politische und wirtschaftliche Dimension integriert, erkl\u00e4ren. Das Projekt wird er in den Jahren 2021-2024 durchf\u00fchren.<\/p>\n<p>Die Problematik der differenzierten Integration scheint ein ideales Forschungsfeld zu sein, denn sie die Bedingungen und Folgen wirtschaftlicher, institutioneller und sozial-politischer Natur verkn\u00fcpft. Das Projekt wird zur Erweiterung und Aktualisierung der wissenschaftlichen Kenntnisse \u00fcber das Schl\u00fcsselthema f\u00fcr die europ\u00e4ische Integration beitragen. Dies wird die Identifizierung und Erkl\u00e4rung der Faktoren, die die Differenzierung der Integration und ihre Dynamik bedingen, erm\u00f6glichen \u2014 lesen wir auf der Internetseite der Universit\u00e4t.<span class=\"Apple-converted-space\">\u00a0<\/span><\/p>\n","protected":false},"excerpt":{"rendered":"<p>Das Projekt von Prof. Rafa\u0142 Riedel von der Universit\u00e4t Oppeln \u201eDeterminanten und Dynamik der differenzierten Integration im post-Brexit Europa\u201d hat 459.000 PLN vom Nationalen Wissenschaftszentrum im Rahmen des Programms OPUS erhalten. Professor Riedel will die Bedingungen und die Dynamik der differenzierten Integration in Europa (in der EU und in ihrer Umgebung) in einer interdisziplin\u00e4ren Perspektive, [&hellip;]<\/p>\n","protected":false},"author":9,"featured_media":0,"comment_status":"closed","ping_status":"closed","sticky":false,"template":"","format":"standard","meta":[],"categories":[59],"tags":[],"_links":{"self":[{"href":"https:\/\/www.polishscience.pl\/de\/wp-json\/wp\/v2\/posts\/156594"}],"collection":[{"href":"https:\/\/www.polishscience.pl\/de\/wp-json\/wp\/v2\/posts"}],"about":[{"href":"https:\/\/www.polishscience.pl\/de\/wp-json\/wp\/v2\/types\/post"}],"author":[{"embeddable":true,"href":"https:\/\/www.polishscience.pl\/de\/wp-json\/wp\/v2\/users\/9"}],"replies":[{"embeddable":true,"href":"https:\/\/www.polishscience.pl\/de\/wp-json\/wp\/v2\/comments?post=156594"}],"version-history":[{"count":0,"href":"https:\/\/www.polishscience.pl\/de\/wp-json\/wp\/v2\/posts\/156594\/revisions"}],"wp:attachment":[{"href":"https:\/\/www.polishscience.pl\/de\/wp-json\/wp\/v2\/media?parent=156594"}],"wp:term":[{"taxonomy":"category","embeddable":true,"href":"https:\/\/www.polishscience.pl\/de\/wp-json\/wp\/v2\/categories?post=156594"},{"taxonomy":"post_tag","embeddable":true,"href":"https:\/\/www.polishscience.pl\/de\/wp-json\/wp\/v2\/tags?post=156594"}],"curies":[{"name":"wp","href":"https:\/\/api.w.org\/{rel}","templated":true}]}}