{"id":154858,"date":"2020-11-19T17:09:16","date_gmt":"2020-11-19T16:09:16","guid":{"rendered":"https:\/\/polishscience.pl\/?p=154858"},"modified":"2020-11-19T17:09:16","modified_gmt":"2020-11-19T16:09:16","slug":"internationale-konferenz-ueber-politische-diskurse-in-polen-und-in-tschechien-nach-1989","status":"publish","type":"post","link":"https:\/\/www.polishscience.pl\/de\/internationale-konferenz-ueber-politische-diskurse-in-polen-und-in-tschechien-nach-1989\/","title":{"rendered":"Internationale Konferenz \u00fcber politische Diskurse in Polen und in Tschechien nach 1989"},"content":{"rendered":"<p><b>Das Labor f\u00fcr Angewandte Rhetorik an der Fakult\u00e4t f\u00fcr Polonistik der Universit\u00e4t Warschau und der Lehrstuhl f\u00fcr Mitteleurop\u00e4ische Studien an der Fakult\u00e4t f\u00fcr Philosophie der Karls-Universit\u00e4t Prag laden zur Teilnahme an der internationalen wissenschaftlichen Konferenz mit dem Titel \u201ePolitische Diskurse in Polen und in Tschechien nach 1989: Gattungen, Kommunikationsstrategien, Medienbilder\u201d ein. Die Veranstaltung wird am 23. und 24. November 2020 in Form eines Online-Treffens stattfinden.<\/b><\/p>\n<p>Das Ziel der Konzerne ist die Diskussion \u00fcber die mit der politischen Kommunikation in Polen und in Tschechien verbundene Fragestellung, Identifizierung der Unterschiede und \u00c4hnlichkeiten in Vorwahl-Gewohnheiten der politischen Kreise in den beiden L\u00e4ndern sowie die Lenkung der Aufmerksamkeit auf die \u00c4hnlichkeiten und Unterschiede in den Arten der Beteiligung der Staatsb\u00fcrger an Entscheidungsprozessen und die Eigenschaften der Kommunikation auf der Linie Politiker \u2014 B\u00fcrger.<span class=\"Apple-converted-space\">\u00a0<\/span><\/p>\n<p>Die Organisatoren betonen, dass in diesem Kontext die Gattungen der \u00f6ffentlichen Kommunikation, die Medienbilder der Politiker und die Kommunikationsstrategien in den letzten 30 Jahren des demokratischen Wandels besonders interessant sind.<span class=\"Apple-converted-space\">\u00a0<\/span><\/p>\n","protected":false},"excerpt":{"rendered":"<p>Das Labor f\u00fcr Angewandte Rhetorik an der Fakult\u00e4t f\u00fcr Polonistik der Universit\u00e4t Warschau und der Lehrstuhl f\u00fcr Mitteleurop\u00e4ische Studien an der Fakult\u00e4t f\u00fcr Philosophie der Karls-Universit\u00e4t Prag laden zur Teilnahme an der internationalen wissenschaftlichen Konferenz mit dem Titel \u201ePolitische Diskurse in Polen und in Tschechien nach 1989: Gattungen, Kommunikationsstrategien, Medienbilder\u201d ein. Die Veranstaltung wird am [&hellip;]<\/p>\n","protected":false},"author":9,"featured_media":0,"comment_status":"closed","ping_status":"closed","sticky":false,"template":"","format":"standard","meta":[],"categories":[61,65],"tags":[],"_links":{"self":[{"href":"https:\/\/www.polishscience.pl\/de\/wp-json\/wp\/v2\/posts\/154858"}],"collection":[{"href":"https:\/\/www.polishscience.pl\/de\/wp-json\/wp\/v2\/posts"}],"about":[{"href":"https:\/\/www.polishscience.pl\/de\/wp-json\/wp\/v2\/types\/post"}],"author":[{"embeddable":true,"href":"https:\/\/www.polishscience.pl\/de\/wp-json\/wp\/v2\/users\/9"}],"replies":[{"embeddable":true,"href":"https:\/\/www.polishscience.pl\/de\/wp-json\/wp\/v2\/comments?post=154858"}],"version-history":[{"count":0,"href":"https:\/\/www.polishscience.pl\/de\/wp-json\/wp\/v2\/posts\/154858\/revisions"}],"wp:attachment":[{"href":"https:\/\/www.polishscience.pl\/de\/wp-json\/wp\/v2\/media?parent=154858"}],"wp:term":[{"taxonomy":"category","embeddable":true,"href":"https:\/\/www.polishscience.pl\/de\/wp-json\/wp\/v2\/categories?post=154858"},{"taxonomy":"post_tag","embeddable":true,"href":"https:\/\/www.polishscience.pl\/de\/wp-json\/wp\/v2\/tags?post=154858"}],"curies":[{"name":"wp","href":"https:\/\/api.w.org\/{rel}","templated":true}]}}