{"id":153457,"date":"2020-11-10T15:00:43","date_gmt":"2020-11-10T14:00:43","guid":{"rendered":"https:\/\/polishscience.pl\/?p=153457"},"modified":"2020-11-10T15:52:03","modified_gmt":"2020-11-10T14:52:03","slug":"kongress-open-eyes-economy-summit-in-krakau","status":"publish","type":"post","link":"https:\/\/www.polishscience.pl\/de\/kongress-open-eyes-economy-summit-in-krakau\/","title":{"rendered":"Kongress Open Eyes Economy Summit in Krakau"},"content":{"rendered":"<p><b>Die Stiftung f\u00fcr Wirtschaft und \u00d6ffentliche Verwaltung sowie die AGH-Universit\u00e4t f\u00fcr Wissenschaft und Technologie Krakau organisieren die f\u00fcnfte Auflage des Kongresses Open Eyes Economy Summit, die am 17. und 18. November 2020 stattfinden wird.<\/b><\/p>\n<p>Der Themenbereich des Kongresses wird dieses Jahr folgende Fragen umfassen: k\u00fcnstliche Intelligenz, Solidarit\u00e4t im gegenw\u00e4rtigen Kapitalismus, Verantwortung f\u00fcr die Umwelt im Zeitalter des Anthropoz\u00e4ns, Vergemeinschaftung von G\u00fctern, Anpassung der St\u00e4dte an Klimaver\u00e4nderungen sowie innovative Ausbildungsmodelle.<\/p>\n<p>W\u00e4hrend des Kongressen werden u.a. folgende Personen ihre Vortr\u00e4ge halten: Prof. Dr. habil.<span class=\"Apple-converted-space\">\u00a0 <\/span>Muhammad Yunus \u2014 Preistr\u00e4ger des Friedensnobelpreises 2006, Gr\u00fcnder der Grameen Bank, Irina Bokova \u2014 ehemalige Generaldirektorin der UNESCO, Prof. Dr. habil. Michael Roos \u2014 Ruhr Universit\u00e4t Bochum sowie Prof. Dr. habil. Robert Jessop \u2014 Lancaster University.<\/p>\n<p>Mehr: <a href=\"https:\/\/oees.pl\/\">https:\/\/oees.pl\/<\/a><\/p>\n","protected":false},"excerpt":{"rendered":"<p>Die Stiftung f\u00fcr Wirtschaft und \u00d6ffentliche Verwaltung sowie die AGH-Universit\u00e4t f\u00fcr Wissenschaft und Technologie Krakau organisieren die f\u00fcnfte Auflage des Kongresses Open Eyes Economy Summit, die am 17. und 18. November 2020 stattfinden wird. Der Themenbereich des Kongresses wird dieses Jahr folgende Fragen umfassen: k\u00fcnstliche Intelligenz, Solidarit\u00e4t im gegenw\u00e4rtigen Kapitalismus, Verantwortung f\u00fcr die Umwelt im [&hellip;]<\/p>\n","protected":false},"author":9,"featured_media":0,"comment_status":"closed","ping_status":"closed","sticky":false,"template":"","format":"standard","meta":[],"categories":[64,65],"tags":[],"_links":{"self":[{"href":"https:\/\/www.polishscience.pl\/de\/wp-json\/wp\/v2\/posts\/153457"}],"collection":[{"href":"https:\/\/www.polishscience.pl\/de\/wp-json\/wp\/v2\/posts"}],"about":[{"href":"https:\/\/www.polishscience.pl\/de\/wp-json\/wp\/v2\/types\/post"}],"author":[{"embeddable":true,"href":"https:\/\/www.polishscience.pl\/de\/wp-json\/wp\/v2\/users\/9"}],"replies":[{"embeddable":true,"href":"https:\/\/www.polishscience.pl\/de\/wp-json\/wp\/v2\/comments?post=153457"}],"version-history":[{"count":0,"href":"https:\/\/www.polishscience.pl\/de\/wp-json\/wp\/v2\/posts\/153457\/revisions"}],"wp:attachment":[{"href":"https:\/\/www.polishscience.pl\/de\/wp-json\/wp\/v2\/media?parent=153457"}],"wp:term":[{"taxonomy":"category","embeddable":true,"href":"https:\/\/www.polishscience.pl\/de\/wp-json\/wp\/v2\/categories?post=153457"},{"taxonomy":"post_tag","embeddable":true,"href":"https:\/\/www.polishscience.pl\/de\/wp-json\/wp\/v2\/tags?post=153457"}],"curies":[{"name":"wp","href":"https:\/\/api.w.org\/{rel}","templated":true}]}}