{"id":152415,"date":"2020-11-03T17:03:31","date_gmt":"2020-11-03T16:03:31","guid":{"rendered":"https:\/\/polishscience.pl\/?p=152415"},"modified":"2020-11-03T17:03:31","modified_gmt":"2020-11-03T16:03:31","slug":"gemeinsames-appell-der-katholischen-hochschulen","status":"publish","type":"post","link":"https:\/\/www.polishscience.pl\/de\/gemeinsames-appell-der-katholischen-hochschulen\/","title":{"rendered":"Gemeinsames Appell der katholischen Hochschulen"},"content":{"rendered":"<p><b>Der Schutz des menschlichen Lebens von seiner Empf\u00e4ngnis bis zu seinem nat\u00fcrlichen Tod ist keine Ideologie, keine politische oder weltanschauliche Frage \u2014 dies ist das Fundament unserer Zivilisation und unserer Identit\u00e4t \u2014 betonen in einem gemeinsamen Appell die Kollegien der Rektoren der Katholischen Universit\u00e4t Lublin und der P\u00e4pstlichen Johannes-Paul-II.-Universit\u00e4t Krakau.<\/b><\/p>\n<p>Die Kollegien der Rektoren dieser Hochschulen betonen, dass sie angesichts der Unruhen in Polen, in Bezug auf das Problem der Abtreibung daran erinnern wollen, \u201edass das Recht auf Leben das fundamentale Recht eines jeden Menschen, auch in der pr\u00e4natalen Periode seiner Entwicklung ist\u201d.<span class=\"Apple-converted-space\">\u00a0<\/span><\/p>\n<p>Wir fordern alle Beteiligten des sozialen Dialogs zu Gespr\u00e4chen sowie der Bewusstmachung der Verantwortung f\u00fcr die Situation, in der wir uns alle befinden, auf. Ein unentbehrliches Element dieses Dialogs ist gegenseitiger Respekt, der zur Entwicklung von L\u00f6sungsans\u00e4tzen des Konflikts, vor allem durch Suche nach der Wahrheit, dient \u2014 steht es im Appell.<\/p>\n","protected":false},"excerpt":{"rendered":"<p>Der Schutz des menschlichen Lebens von seiner Empf\u00e4ngnis bis zu seinem nat\u00fcrlichen Tod ist keine Ideologie, keine politische oder weltanschauliche Frage \u2014 dies ist das Fundament unserer Zivilisation und unserer Identit\u00e4t \u2014 betonen in einem gemeinsamen Appell die Kollegien der Rektoren der Katholischen Universit\u00e4t Lublin und der P\u00e4pstlichen Johannes-Paul-II.-Universit\u00e4t Krakau. Die Kollegien der Rektoren dieser [&hellip;]<\/p>\n","protected":false},"author":9,"featured_media":0,"comment_status":"closed","ping_status":"closed","sticky":false,"template":"","format":"standard","meta":[],"categories":[65],"tags":[],"_links":{"self":[{"href":"https:\/\/www.polishscience.pl\/de\/wp-json\/wp\/v2\/posts\/152415"}],"collection":[{"href":"https:\/\/www.polishscience.pl\/de\/wp-json\/wp\/v2\/posts"}],"about":[{"href":"https:\/\/www.polishscience.pl\/de\/wp-json\/wp\/v2\/types\/post"}],"author":[{"embeddable":true,"href":"https:\/\/www.polishscience.pl\/de\/wp-json\/wp\/v2\/users\/9"}],"replies":[{"embeddable":true,"href":"https:\/\/www.polishscience.pl\/de\/wp-json\/wp\/v2\/comments?post=152415"}],"version-history":[{"count":0,"href":"https:\/\/www.polishscience.pl\/de\/wp-json\/wp\/v2\/posts\/152415\/revisions"}],"wp:attachment":[{"href":"https:\/\/www.polishscience.pl\/de\/wp-json\/wp\/v2\/media?parent=152415"}],"wp:term":[{"taxonomy":"category","embeddable":true,"href":"https:\/\/www.polishscience.pl\/de\/wp-json\/wp\/v2\/categories?post=152415"},{"taxonomy":"post_tag","embeddable":true,"href":"https:\/\/www.polishscience.pl\/de\/wp-json\/wp\/v2\/tags?post=152415"}],"curies":[{"name":"wp","href":"https:\/\/api.w.org\/{rel}","templated":true}]}}