{"id":150740,"date":"2020-10-21T15:27:46","date_gmt":"2020-10-21T13:27:46","guid":{"rendered":"https:\/\/polishscience.pl\/?p=150740"},"modified":"2020-10-21T15:27:46","modified_gmt":"2020-10-21T13:27:46","slug":"forscherin-von-der-adam-mickiewicz-universitaet-posen-als-preistraegerin-des-edith-stein-preises","status":"publish","type":"post","link":"https:\/\/www.polishscience.pl\/de\/forscherin-von-der-adam-mickiewicz-universitaet-posen-als-preistraegerin-des-edith-stein-preises\/","title":{"rendered":"Forscherin von der Adam-Mickiewicz-Universit\u00e4t Posen als Preistr\u00e4gerin des Edith-Stein-Preises"},"content":{"rendered":"<p><b>Prof. Anna Grzegorzczyk von der Fakult\u00e4t f\u00fcr Anthropologie und Kulturwissenschaft der Adam-Mickiewicz-Universit\u00e4t Posen, Direktorin des universit\u00e4ren Edith-Stein-Forschungszentrums, wurde mit dem Edith-Stein-Preis geehrt \u2014 teilt die Universit\u00e4t mit.<\/b><\/p>\n<p>Der Preis wird vom Ehrenkollegium der Edith-Stein-Gesellschaft und Direktor des Zentrums Ged\u00e4chtnis und Zukunft (im Jahr 2019 und 2020) verliehen. Prof. Grzegorczyk hat diesen Preis f\u00fcr die Mitgestaltung eines Forschungszentrums in Posen, langj\u00e4hrige dem Leben und den Schriften von Edith Stein gewidmeten Forschungst\u00e4tigkeit in Polen und im Ausland sowie Popularisierung ihres geistigen Erbe, Zusammenstellung und \u00dcberarbeitung zahlreicher Publikationen erhalten.<span class=\"Apple-converted-space\">\u00a0<\/span><\/p>\n<p>Die Gesellschaft hat diesen Preis zwecks der Vertiefung und Popularisierung des reichen geistigen Erbes von Edith Stein \u2014 heiliger Teresia Benedicta vom Kreuz, Philosophin und Karmelitin j\u00fcdischer Herkunft, die vom Paps Johannes Paul II. zur Patronin Europas erkl\u00e4rt wurde, geschaffen \u2014 lesen wir auf der Website der Hochschule. <span class=\"Apple-converted-space\">\u00a0<\/span><\/p>\n","protected":false},"excerpt":{"rendered":"<p>Prof. Anna Grzegorzczyk von der Fakult\u00e4t f\u00fcr Anthropologie und Kulturwissenschaft der Adam-Mickiewicz-Universit\u00e4t Posen, Direktorin des universit\u00e4ren Edith-Stein-Forschungszentrums, wurde mit dem Edith-Stein-Preis geehrt \u2014 teilt die Universit\u00e4t mit. Der Preis wird vom Ehrenkollegium der Edith-Stein-Gesellschaft und Direktor des Zentrums Ged\u00e4chtnis und Zukunft (im Jahr 2019 und 2020) verliehen. Prof. Grzegorczyk hat diesen Preis f\u00fcr die Mitgestaltung [&hellip;]<\/p>\n","protected":false},"author":9,"featured_media":0,"comment_status":"closed","ping_status":"closed","sticky":false,"template":"","format":"standard","meta":[],"categories":[65],"tags":[],"_links":{"self":[{"href":"https:\/\/www.polishscience.pl\/de\/wp-json\/wp\/v2\/posts\/150740"}],"collection":[{"href":"https:\/\/www.polishscience.pl\/de\/wp-json\/wp\/v2\/posts"}],"about":[{"href":"https:\/\/www.polishscience.pl\/de\/wp-json\/wp\/v2\/types\/post"}],"author":[{"embeddable":true,"href":"https:\/\/www.polishscience.pl\/de\/wp-json\/wp\/v2\/users\/9"}],"replies":[{"embeddable":true,"href":"https:\/\/www.polishscience.pl\/de\/wp-json\/wp\/v2\/comments?post=150740"}],"version-history":[{"count":0,"href":"https:\/\/www.polishscience.pl\/de\/wp-json\/wp\/v2\/posts\/150740\/revisions"}],"wp:attachment":[{"href":"https:\/\/www.polishscience.pl\/de\/wp-json\/wp\/v2\/media?parent=150740"}],"wp:term":[{"taxonomy":"category","embeddable":true,"href":"https:\/\/www.polishscience.pl\/de\/wp-json\/wp\/v2\/categories?post=150740"},{"taxonomy":"post_tag","embeddable":true,"href":"https:\/\/www.polishscience.pl\/de\/wp-json\/wp\/v2\/tags?post=150740"}],"curies":[{"name":"wp","href":"https:\/\/api.w.org\/{rel}","templated":true}]}}