{"id":150732,"date":"2020-10-21T15:28:04","date_gmt":"2020-10-21T13:28:04","guid":{"rendered":"https:\/\/polishscience.pl\/?p=150732"},"modified":"2020-10-21T15:28:04","modified_gmt":"2020-10-21T13:28:04","slug":"przemyslaw-czarnek-als-neuer-bildungs-und-wissenschaftsminister","status":"publish","type":"post","link":"https:\/\/www.polishscience.pl\/de\/przemyslaw-czarnek-als-neuer-bildungs-und-wissenschaftsminister\/","title":{"rendered":"Przemys\u0142aw Czarnek als neuer Bildungs- und Wissenschaftsminister"},"content":{"rendered":"<p><b>Herzlichen Gl\u00fcckwunsch zu dieser Nominierung und vielen Dank f\u00fcr die \u00dcbernahme dieser schwierigen Aufgabe. Dies sind zwei sehr wichtige Ministerien, die viele Emotionen ausl\u00f6sen, denn sie die Erziehung unserer Jugend betreffen \u2014 hat Pr\u00e4sident Andrzej Duda bei der \u00dcbergabe der Ernennungsurkunde an Przemys\u0142aw Czarnek gesagt.<\/b><\/p>\n<p>Die Zusammenlegung der Ministerien f\u00fcr Wissenschaft und Hochschulbildung sowie d f\u00fcr Nationale Bildung ist eine Folge der Ver\u00e4nderungen in der Regierungsstruktur, \u00fcber die Ministerpr\u00e4sident Mateusz Morawiecki schon am 30. September informiert hat.<span class=\"Apple-converted-space\">\u00a0<\/span><\/p>\n<p>Neuer Chef des Ministeriums f\u00fcr Bildung und Wissenschaft ist ausgebildeter Anwalt, habilitierter Doktor f\u00fcr Rechtswissenschaften, Professor der Katholischen Universit\u00e4t Lublin.<span class=\"Apple-converted-space\">\u00a0<\/span><\/p>\n<p>2006 hat Czarnek seine Dissertation mit dem Titel \u201eGrunds\u00e4tze des Rechtsstaates und der sozialen Gerechtigkeit in der Rechtspraxis der 3. Republik Polen\u201d verteidigt. Vor f\u00fcnf Jahren hat er auf der Grundlage der wissenschaftlichen Leistungen und der Arbeit \u201eWirtschaftliche Freiheit. Erster Pfeiler der sozialen Marktwirtschaft\u201d den akademischen Grad eines habilitierten Doktors erworben. 2020 wurde er zum Universit\u00e4tsprofessor der Katholischen Universit\u00e4t Lublin. Er ist Experte f\u00fcr Verfassungsrecht.<span class=\"Apple-converted-space\">\u00a0<\/span><\/p>\n","protected":false},"excerpt":{"rendered":"<p>Herzlichen Gl\u00fcckwunsch zu dieser Nominierung und vielen Dank f\u00fcr die \u00dcbernahme dieser schwierigen Aufgabe. Dies sind zwei sehr wichtige Ministerien, die viele Emotionen ausl\u00f6sen, denn sie die Erziehung unserer Jugend betreffen \u2014 hat Pr\u00e4sident Andrzej Duda bei der \u00dcbergabe der Ernennungsurkunde an Przemys\u0142aw Czarnek gesagt. Die Zusammenlegung der Ministerien f\u00fcr Wissenschaft und Hochschulbildung sowie d [&hellip;]<\/p>\n","protected":false},"author":9,"featured_media":0,"comment_status":"closed","ping_status":"closed","sticky":false,"template":"","format":"standard","meta":[],"categories":[59],"tags":[],"_links":{"self":[{"href":"https:\/\/www.polishscience.pl\/de\/wp-json\/wp\/v2\/posts\/150732"}],"collection":[{"href":"https:\/\/www.polishscience.pl\/de\/wp-json\/wp\/v2\/posts"}],"about":[{"href":"https:\/\/www.polishscience.pl\/de\/wp-json\/wp\/v2\/types\/post"}],"author":[{"embeddable":true,"href":"https:\/\/www.polishscience.pl\/de\/wp-json\/wp\/v2\/users\/9"}],"replies":[{"embeddable":true,"href":"https:\/\/www.polishscience.pl\/de\/wp-json\/wp\/v2\/comments?post=150732"}],"version-history":[{"count":0,"href":"https:\/\/www.polishscience.pl\/de\/wp-json\/wp\/v2\/posts\/150732\/revisions"}],"wp:attachment":[{"href":"https:\/\/www.polishscience.pl\/de\/wp-json\/wp\/v2\/media?parent=150732"}],"wp:term":[{"taxonomy":"category","embeddable":true,"href":"https:\/\/www.polishscience.pl\/de\/wp-json\/wp\/v2\/categories?post=150732"},{"taxonomy":"post_tag","embeddable":true,"href":"https:\/\/www.polishscience.pl\/de\/wp-json\/wp\/v2\/tags?post=150732"}],"curies":[{"name":"wp","href":"https:\/\/api.w.org\/{rel}","templated":true}]}}