{"id":150219,"date":"2020-10-16T16:50:21","date_gmt":"2020-10-16T14:50:21","guid":{"rendered":"https:\/\/polishscience.pl\/?p=150219"},"modified":"2020-10-16T16:50:21","modified_gmt":"2020-10-16T14:50:21","slug":"start-des-projekts-humanistische-ausbildung-v4-fuer-das-klima-erkennung-bewaehrte-verfahren-empfehlungen","status":"publish","type":"post","link":"https:\/\/www.polishscience.pl\/de\/start-des-projekts-humanistische-ausbildung-v4-fuer-das-klima-erkennung-bewaehrte-verfahren-empfehlungen\/","title":{"rendered":"Start des Projekts \u201eHumanistische Ausbildung V4 f\u00fcr das Klima. Erkennung \u2014 bew\u00e4hrte Verfahren \u2014 Empfehlungen\u201d"},"content":{"rendered":"<p><b>Die Schlesische Universit\u00e4t hat die Durchf\u00fchrung des Projekts \u201eHumanistische Ausbildung V4 f\u00fcr das Klima. Erkennung \u2014 bew\u00e4hrte Verfahren \u2014 Empfehlungen\u201d angefangen. Das Ziel der Wissenschaftler ist es, in den L\u00e4ndern der Visegrad-Gruppe (Polen, Tschechien, Ungarn und Slowakei) Grundlagen f\u00fcr die vielseitige, moderne humanistische Ausbildung mit Verantwortungsbewusstsein f\u00fcr die Gegenwart und zuk\u00fcnftigen Klimawandel auf der Erde zu entwickeln.<\/b><\/p>\n<p>Am Projekt, das im Rahmen des Visegrad-Fonds durchgef\u00fchrt wird, beteiligen sich Vertreter der Geisteswissenschaften sowie Praktiker: Lehrer und Erzieher, die unterschiedliche Ebenen der Ausbildung und unterschiedliche Einrichtungen aus den L\u00e4ndern der Visegrad-Gruppe vertreten.<span class=\"Apple-converted-space\">\u00a0<\/span><\/p>\n<p>Das Forschungsteam wird ein Projekt der Proklima-Bildung entwickeln, das die Kenntnisse aus mehreren humanistischen Wissenschaftsdisziplinen verkn\u00fcpfen, freundlich f\u00fcr Studierende und Sch\u00fcler sein, auf die Eigenart der Lebenserfahrungen junger Menschen antworten und gleichzeitig neue Verhaltensmuster im Geiste des Respekts und der Empathie gegen\u00fcber unserem Planeten gestalten wird \u2014 lesen wir auf der Website der Universit\u00e4t.<span class=\"Apple-converted-space\">\u00a0<\/span><\/p>\n<p>Mehr: <a href=\"https:\/\/us.edu.pl\/rusza-projekt-edukacja-humanistyczna-v4-dla-klimatu\/\">https:\/\/us.edu.pl\/rusza-projekt-edukacja-humanistyczna-v4-dla-klimatu\/<\/a><\/p>\n","protected":false},"excerpt":{"rendered":"<p>Die Schlesische Universit\u00e4t hat die Durchf\u00fchrung des Projekts \u201eHumanistische Ausbildung V4 f\u00fcr das Klima. Erkennung \u2014 bew\u00e4hrte Verfahren \u2014 Empfehlungen\u201d angefangen. Das Ziel der Wissenschaftler ist es, in den L\u00e4ndern der Visegrad-Gruppe (Polen, Tschechien, Ungarn und Slowakei) Grundlagen f\u00fcr die vielseitige, moderne humanistische Ausbildung mit Verantwortungsbewusstsein f\u00fcr die Gegenwart und zuk\u00fcnftigen Klimawandel auf der Erde [&hellip;]<\/p>\n","protected":false},"author":9,"featured_media":0,"comment_status":"closed","ping_status":"closed","sticky":false,"template":"","format":"standard","meta":[],"categories":[61],"tags":[],"_links":{"self":[{"href":"https:\/\/www.polishscience.pl\/de\/wp-json\/wp\/v2\/posts\/150219"}],"collection":[{"href":"https:\/\/www.polishscience.pl\/de\/wp-json\/wp\/v2\/posts"}],"about":[{"href":"https:\/\/www.polishscience.pl\/de\/wp-json\/wp\/v2\/types\/post"}],"author":[{"embeddable":true,"href":"https:\/\/www.polishscience.pl\/de\/wp-json\/wp\/v2\/users\/9"}],"replies":[{"embeddable":true,"href":"https:\/\/www.polishscience.pl\/de\/wp-json\/wp\/v2\/comments?post=150219"}],"version-history":[{"count":0,"href":"https:\/\/www.polishscience.pl\/de\/wp-json\/wp\/v2\/posts\/150219\/revisions"}],"wp:attachment":[{"href":"https:\/\/www.polishscience.pl\/de\/wp-json\/wp\/v2\/media?parent=150219"}],"wp:term":[{"taxonomy":"category","embeddable":true,"href":"https:\/\/www.polishscience.pl\/de\/wp-json\/wp\/v2\/categories?post=150219"},{"taxonomy":"post_tag","embeddable":true,"href":"https:\/\/www.polishscience.pl\/de\/wp-json\/wp\/v2\/tags?post=150219"}],"curies":[{"name":"wp","href":"https:\/\/api.w.org\/{rel}","templated":true}]}}