{"id":148557,"date":"2020-10-06T16:43:15","date_gmt":"2020-10-06T14:43:15","guid":{"rendered":"https:\/\/polishscience.pl\/?p=148557"},"modified":"2020-10-06T16:43:15","modified_gmt":"2020-10-06T14:43:15","slug":"kongress-fuer-christliche-kultur-an-der-katholischen-universitaet-lublin","status":"publish","type":"post","link":"https:\/\/www.polishscience.pl\/de\/kongress-fuer-christliche-kultur-an-der-katholischen-universitaet-lublin\/","title":{"rendered":"Kongress f\u00fcr Christliche Kultur an der Katholischen Universit\u00e4t Lublin"},"content":{"rendered":"<p><b>An der Katholischen Universit\u00e4t Lublin wird schon zum sechsten Mal der Kongress f\u00fcr Christliche Kultur stattfinden. Diese Veranstaltung wird regelmassig seit 2000 organisiert. Dieses Jahr wird der Kongress vom 15. bis zum 18. Oktober unter dem Motto \u201eR\u00e4ume f\u00fcr den Dialog. Christliche Inspirationen f\u00fcr die Kultur der Begegnung\u201d stattfinden.<\/b><\/p>\n<p>Im umfangreichen Programm der Veranstaltung sind Vorlesungen, Debatten sowie kulturelle Events vorgesehen. Den Er\u00f6ffnungsvortrag mit dem Titel \u201eChristliche Inspirationen f\u00fcr die Kultur des Dialogs und der Begegnung\u201d wird am Donnerstag, dem 15. Oktober Vorsitzender des P\u00e4pstlichen Rates zur F\u00f6rderung der Einheit der Christen Kardinal Kurt Koch halten. Am folgenden Tag wird man ihm die Ehrendoktorw\u00fcrde der Katholischen Universit\u00e4t Lublin verleihen. Zusammen mit Vertretern der orthodoxen Kirche und des Protestantismus wird er an der Podiumsdiskussion \u201eKirchen im Dialog\u201d teilnehmen.<\/p>\n<p>Im Programm des Kongresses sind auch folgende Podiumsdiskussionen: \u201eDialog als ein Grundsatz im Leben und in der Lehre des Papstes Johannes Paul II. und des Kardinals Stefan Wyszy\u0144ski\u201d; \u201eDie Welt nach der Coronavirus-Pandemie\u201d sowie eine Diskussion \u00fcber gemeinsames Erbe des Ostens und Westens, an der sich Erzbischof Tadeusz Kondrusiewicz beteiligen wird.<span class=\"Apple-converted-space\">\u00a0<\/span><\/p>\n","protected":false},"excerpt":{"rendered":"<p>An der Katholischen Universit\u00e4t Lublin wird schon zum sechsten Mal der Kongress f\u00fcr Christliche Kultur stattfinden. Diese Veranstaltung wird regelmassig seit 2000 organisiert. Dieses Jahr wird der Kongress vom 15. bis zum 18. Oktober unter dem Motto \u201eR\u00e4ume f\u00fcr den Dialog. Christliche Inspirationen f\u00fcr die Kultur der Begegnung\u201d stattfinden. Im umfangreichen Programm der Veranstaltung sind [&hellip;]<\/p>\n","protected":false},"author":9,"featured_media":0,"comment_status":"closed","ping_status":"closed","sticky":false,"template":"","format":"standard","meta":[],"categories":[65],"tags":[],"_links":{"self":[{"href":"https:\/\/www.polishscience.pl\/de\/wp-json\/wp\/v2\/posts\/148557"}],"collection":[{"href":"https:\/\/www.polishscience.pl\/de\/wp-json\/wp\/v2\/posts"}],"about":[{"href":"https:\/\/www.polishscience.pl\/de\/wp-json\/wp\/v2\/types\/post"}],"author":[{"embeddable":true,"href":"https:\/\/www.polishscience.pl\/de\/wp-json\/wp\/v2\/users\/9"}],"replies":[{"embeddable":true,"href":"https:\/\/www.polishscience.pl\/de\/wp-json\/wp\/v2\/comments?post=148557"}],"version-history":[{"count":0,"href":"https:\/\/www.polishscience.pl\/de\/wp-json\/wp\/v2\/posts\/148557\/revisions"}],"wp:attachment":[{"href":"https:\/\/www.polishscience.pl\/de\/wp-json\/wp\/v2\/media?parent=148557"}],"wp:term":[{"taxonomy":"category","embeddable":true,"href":"https:\/\/www.polishscience.pl\/de\/wp-json\/wp\/v2\/categories?post=148557"},{"taxonomy":"post_tag","embeddable":true,"href":"https:\/\/www.polishscience.pl\/de\/wp-json\/wp\/v2\/tags?post=148557"}],"curies":[{"name":"wp","href":"https:\/\/api.w.org\/{rel}","templated":true}]}}