{"id":148127,"date":"2020-10-02T15:33:01","date_gmt":"2020-10-02T13:33:01","guid":{"rendered":"https:\/\/polishscience.pl\/?p=148127"},"modified":"2020-10-02T15:59:20","modified_gmt":"2020-10-02T13:59:20","slug":"przemyslaw-czarnek-als-neuer-minister-fuer-bildung-und-wissenschaft","status":"publish","type":"post","link":"https:\/\/www.polishscience.pl\/de\/przemyslaw-czarnek-als-neuer-minister-fuer-bildung-und-wissenschaft\/","title":{"rendered":"Przemys\u0142aw Czarnek als neuer Minister f\u00fcr Bildung und Wissenschaft"},"content":{"rendered":"<p><b>Nach der Rekonstruktion der polnischen Regierung wird es zum Zusammenschluss des Ministeriums f\u00fcr Nationale Bildung und des Ministeriums f\u00fcr Wissenschaft und Hochschulbildung kommen. Neuer Minister f\u00fcr Bildung und Wissenschaft soll Dr. habil. Przemys\u0142aw Czarnek, Univ.-Prof. von der Katholischen Universit\u00e4t Lublin werden.<\/b><\/p>\n<p>Der neue Minister ist Absolvent der Fakult\u00e4t f\u00fcr Recht, kanonisches Recht und Verwaltung der Katholischen Universit\u00e4t Lublin.<\/p>\n<p>2003 wurde er als wissenschaftlicher Mitarbeiter am Lehrstuhl f\u00fcr Verfassungsrecht der Katholischen Universit\u00e4t Lublin eingestellt. Er hat auch an der Leon-Ko\u017ami\u0144ski-Akademie Warschau und Handelshochschule Radom gelehrt. Er hat mit ein paar Anwaltskanzleien, die juristische Dienste im Bereich der Bedienung der Selbstverwaltungseinheiten in der Woiwodschaft Lublin geleistet haben, zusammengearbeitet.<\/p>\n<p>2006 promovierte er im Bereich der Rechtswissenschaften auf der Grundlage der Arbeit \u201eGrunds\u00e4tze des Rechtsstaates und der sozialen Gerechtigkeit in der 3. Republik Polen\u201d. Seine Habilitationsschrift mit dem Titel \u201eGewerbefreiheit. Erster Pfeiler der sozialen Marktwirtschaft\u201d hat er 2015 verteidigt.<\/p>\n<p>In den Jahren 2015-2019 war er Woiwode von Lublin. Seit 2019 ist er Abgeordneter im polnischen Sejm.<\/p>\n","protected":false},"excerpt":{"rendered":"<p>Nach der Rekonstruktion der polnischen Regierung wird es zum Zusammenschluss des Ministeriums f\u00fcr Nationale Bildung und des Ministeriums f\u00fcr Wissenschaft und Hochschulbildung kommen. Neuer Minister f\u00fcr Bildung und Wissenschaft soll Dr. habil. Przemys\u0142aw Czarnek, Univ.-Prof. von der Katholischen Universit\u00e4t Lublin werden. Der neue Minister ist Absolvent der Fakult\u00e4t f\u00fcr Recht, kanonisches Recht und Verwaltung der [&hellip;]<\/p>\n","protected":false},"author":9,"featured_media":0,"comment_status":"closed","ping_status":"closed","sticky":false,"template":"","format":"standard","meta":[],"categories":[59],"tags":[],"_links":{"self":[{"href":"https:\/\/www.polishscience.pl\/de\/wp-json\/wp\/v2\/posts\/148127"}],"collection":[{"href":"https:\/\/www.polishscience.pl\/de\/wp-json\/wp\/v2\/posts"}],"about":[{"href":"https:\/\/www.polishscience.pl\/de\/wp-json\/wp\/v2\/types\/post"}],"author":[{"embeddable":true,"href":"https:\/\/www.polishscience.pl\/de\/wp-json\/wp\/v2\/users\/9"}],"replies":[{"embeddable":true,"href":"https:\/\/www.polishscience.pl\/de\/wp-json\/wp\/v2\/comments?post=148127"}],"version-history":[{"count":0,"href":"https:\/\/www.polishscience.pl\/de\/wp-json\/wp\/v2\/posts\/148127\/revisions"}],"wp:attachment":[{"href":"https:\/\/www.polishscience.pl\/de\/wp-json\/wp\/v2\/media?parent=148127"}],"wp:term":[{"taxonomy":"category","embeddable":true,"href":"https:\/\/www.polishscience.pl\/de\/wp-json\/wp\/v2\/categories?post=148127"},{"taxonomy":"post_tag","embeddable":true,"href":"https:\/\/www.polishscience.pl\/de\/wp-json\/wp\/v2\/tags?post=148127"}],"curies":[{"name":"wp","href":"https:\/\/api.w.org\/{rel}","templated":true}]}}